{"id":4844,"date":"2020-07-03T15:18:03","date_gmt":"2020-07-03T15:18:03","guid":{"rendered":"http:\/\/dig-stuttgart.de\/info\/?p=4844"},"modified":"2020-06-27T12:58:03","modified_gmt":"2020-06-27T12:58:03","slug":"lire-c-est-aller-a-la-rencontre","status":"publish","type":"post","link":"https:\/\/dig-stuttgart.de\/info\/2020\/07\/03\/lire-c-est-aller-a-la-rencontre\/","title":{"rendered":"Lire C Est Aller \u00c0 La Rencontre"},"content":{"rendered":"<p>Trouvez les offres des librairies les plus proches : Paris 1 et lAgence Universitaire de la Francophonie <img decoding=\"async\" src=\"http:\/\/ekladata.com\/n41YZJkcvbJXNXVhrX28KAOmTQc.jpg\" alt=\"lire c est aller \u00e0 la rencontre\" align=\"center\"> samedi 20 et dimanche 21 mai de 10 h \u00e0 18 h 30 au Panth\u00e9on Le livre se d\u00e9cline sous toutes les formes et surtout dans tous les genres. Cest pourquoi chaque mois nous vous proposerons des rencontres et des animations dans les murs et hors les murs, \u00e0 destination des adultes et des enfants, sur des th\u00e8mes diff\u00e9rents. Parce que lire cest apprendre \u00e0 mieux se conna\u00eetre soi-m\u00eame en d\u00e9couvrant lautre et le monde qui nous entoure. \ufe0fLes livres sont des r\u00eaves \u00e9veill\u00e9s: ils memportent dans la douceur que je ne peux vivre. Fr\u00e9d\u00e9rique Deghelt L\u0153il du prince Jai lu, p. 179 LAMF aux 1\u00e8res Rencontres populaires du livre de Saint-Denis-AMF Association des Marocains en France Vivre Lire-festival Quartier du Livre-2018 Tous droits r\u00e9serv\u00e9s Ya\u00ebl Pachet sera pr\u00e9sente \u00e0 sa mani\u00e8re, vous verrez!  Mon emploi actuel me demande pas mal de temps, je me concentre donc vraiment sur Instagram. Le fait que ce soit un format court me permet de g\u00e9rer mon temps plus efficacement. Aussi, si je nai pas envie de parler dun livre, je nen parle pas, je partage vraiment pour me faire plaisir. Pour consulter les comptes rendus de la Commission des Affaires sociales Il habite seul dans une maison \u00e0 La Courneuve. Et pour lui le confinement, ne change pas grand grand chose \u00e0 son mode de vie. Alors que ce premier week-end confin\u00e9 d\u00e9bute, Yohan tire un premier bilan: Je sors juste faire mes courses. \u00c7a fait deux semaines que je suis de retour sur Tinder mais je nai pas eu de rendez-vous depuis le d\u00e9but. Je suis all\u00e9 chez une amie il y a deux ou trois jours, un couple damies lesbiennes qui mont invit\u00e9. Jai fait mon petit papier mais je nai pas vu de flics. Lid\u00e9e, c\u00e9tait de sociabiliser m\u00eame si je ne me sens pas particuli\u00e8rement seul. Je peux moins sortir mais \u00e7a ne fait pas une grande diff\u00e9rence pour moi. Je ne fais plus la f\u00eate. Cest chiant mais \u00e7a va. \ufe0fQuelle meilleure chose, en effet, que d\u00eatre le soir au coin du feu avec un livre, pendant que le vent bat les carreaux, que la lampe br\u00fble? On ne songe \u00e0 rien, les heures passent. On se prom\u00e8ne immobile dans des pays que lon croit voir, et votre pens\u00e9e, senla\u00e7ant \u00e0 la fiction, se joue dans les d\u00e9tails ou poursuit le contour des aventures. Elle se m\u00eale aux personnages ; il semble que cest vous qui palpitez sous leurs costumes. Gustave Flaubert Madame Bovary \ufe0fEh, monsieur, un roman est un miroir qui se prom\u00e8ne sur une grande route. Tant\u00f4t il refl\u00e8te \u00e0 vos yeux lazur des cieux, tant\u00f4t la fange des bourbiers de la route. Stendhal Le rouge et le noir p.479 R\u00e9solument trans-m\u00e9dium, trans-disciplinaire, trans-territoriale. Telle devait \u00eatre la saison 2020 du Centre Wallonie-Bruxelles CWB \u00e0 Paris, intitul\u00e9e Futurs sp\u00e9culatifs, telle elle fut pendant le confinement et continuera d\u00eatre apr\u00e8s la r\u00e9ouverture du lieu et de ses nombreux partenaires satellites. Ladaptation, pour la directrice St\u00e9phanie P\u00e9court et son \u00e9quipe, est dautant plus naturelle quen t\u00eate des nombreuses questions soulev\u00e9es par les expositions, festivals et spectacles au programme, viennent celles de la dualit\u00e9 binaire nature artifice, de la production \u00e0 lheure de la mod\u00e9lisation des interfaces hommes machines et de lav\u00e8nement de lintelligence artificielle. Rencontres dun nouveau type Je lis pour que Flaubert me parle de la m\u00e9lancolie des paquebots. Loin des regards publics, bien s\u00fbr, le sexe cest pas pour le peuple. Cest curieux, ma candidate, NKM d\u00e9sol\u00e9 de ne pouvoir \u00eatre aujourdhui \u00e0 la Bastille multiplie les innovations linguistiques. 3\u00e8me prix : le livre Henri Cartier-Bresson Photographe Delpire \u00e9diteur \ufe0f nei romanzi, cera qualcosa che davvero mi agitava, un cuore nudo e palpitante. Elena Ferrante Lamica geniale 3 Storia di chi fugge e di chi resta <img decoding=\"async\" src=\"http:\/\/img.over-blog.com\/500x375\/2\/44\/79\/70\/rencontre-du-24-04-2009\/P1030634.compact.jpg\" alt=\"lire c est aller \u00e0 la rencontre\" align=\"right\"> La m\u00e9diath\u00e8que en plein air \u00e0 la rencontre des lecteurs <img decoding=\"async\" src=\"http:\/\/www.agnesabecassis.com\/wp-content\/uploads\/2012\/07\/intervkory.jpg\" alt=\"lire c est aller \u00e0 la rencontre\" align=\"center\">   ce nest pas nous apprendre \u00e0 raisonner, cest nous apprendre \u00e0 nous servir de la raison dautrui. Jean-Jacques Rousseau-Emile ou de l\u00e9ducation.<\/p>\n","protected":false},"excerpt":{"rendered":"<p>lire c est aller \u00e0 la rencontre<\/p>\n","protected":false},"author":1,"featured_media":0,"comment_status":"closed","ping_status":"closed","sticky":false,"template":"","format":"standard","meta":{"footnotes":""},"categories":[1],"tags":[],"_links":{"self":[{"href":"https:\/\/dig-stuttgart.de\/info\/wp-json\/wp\/v2\/posts\/4844"}],"collection":[{"href":"https:\/\/dig-stuttgart.de\/info\/wp-json\/wp\/v2\/posts"}],"about":[{"href":"https:\/\/dig-stuttgart.de\/info\/wp-json\/wp\/v2\/types\/post"}],"author":[{"embeddable":true,"href":"https:\/\/dig-stuttgart.de\/info\/wp-json\/wp\/v2\/users\/1"}],"replies":[{"embeddable":true,"href":"https:\/\/dig-stuttgart.de\/info\/wp-json\/wp\/v2\/comments?post=4844"}],"version-history":[{"count":1,"href":"https:\/\/dig-stuttgart.de\/info\/wp-json\/wp\/v2\/posts\/4844\/revisions"}],"predecessor-version":[{"id":4845,"href":"https:\/\/dig-stuttgart.de\/info\/wp-json\/wp\/v2\/posts\/4844\/revisions\/4845"}],"wp:attachment":[{"href":"https:\/\/dig-stuttgart.de\/info\/wp-json\/wp\/v2\/media?parent=4844"}],"wp:term":[{"taxonomy":"category","embeddable":true,"href":"https:\/\/dig-stuttgart.de\/info\/wp-json\/wp\/v2\/categories?post=4844"},{"taxonomy":"post_tag","embeddable":true,"href":"https:\/\/dig-stuttgart.de\/info\/wp-json\/wp\/v2\/tags?post=4844"}],"curies":[{"name":"wp","href":"https:\/\/api.w.org\/{rel}","templated":true}]}}