{"id":4850,"date":"2020-07-03T07:48:54","date_gmt":"2020-07-03T07:48:54","guid":{"rendered":"http:\/\/dig-stuttgart.de\/info\/?p=4850"},"modified":"2020-06-27T12:59:12","modified_gmt":"2020-06-27T12:59:12","slug":"isabelle-hauben-rencontre-infernale","status":"publish","type":"post","link":"https:\/\/dig-stuttgart.de\/info\/2020\/07\/03\/isabelle-hauben-rencontre-infernale\/","title":{"rendered":"Isabelle Hauben Rencontre Infernale"},"content":{"rendered":"<p>Il y a onze ans, lesth\u00e9ticienne ind\u00e9pendante Aur\u00e9lie.. Dans le respect des produits Depuis plus de 22 ans,  <img decoding=\"async\" src=\"http:\/\/idata.over-blog.com\/4\/59\/42\/76\/DANGER-DE-MORT.JPG\" alt=\"isabelle hauben rencontre infernale\" align=\"center\"> Expo Star Wars \u00e0 Chaudfontaine du samedi 28 jusquau 20 d\u00e9cembre Outre les panneaux didactiques, lexpo propose des produits d\u00e9riv\u00e9s, jouets at autres goodies relatifs \u00e0 la c\u00e9l\u00e8bre s\u00e9rie. Infos : \u03a7\u03ac\u03c1\u03b7 \u03c3\u03c4\u03b1 \u03b5\u03bd\u03b5\u03c1\u03b3\u03ac \u03c3\u03c5\u03c3\u03c4\u03b1\u03c4\u03b9\u03ba\u03ac \u03c4\u03b7\u03c2 \u03b5\u03bd\u03b5\u03c1\u03b3\u03bf\u03c0\u03bf\u03b9\u03b5\u03af\u03c4\u03b1\u03b9 \u03b7 \u03c6\u03c5\u03c3\u03b9\u03ba\u03ae \u03b4\u03b9\u03b1\u03b4\u03b9\u03ba\u03b1\u03c3\u03af\u03b1 \u03b5\u03bd\u03c5\u03b4\u03ac\u03c4\u03c9\u03c3\u03b7\u03c2 \u03ba\u03b1\u03b9 \u03b5\u03bd\u03b9\u03c3\u03c7\u03cd\u03b5\u03c4\u03b1\u03b9 \u03b7 \u03ba\u03c5\u03ba\u03bb\u03bf\u03c6\u03bf\u03c1\u03af\u03b1 \u03bd\u03b5\u03c1\u03bf\u03cd \u03c3\u03c4\u03b1 \u03b5\u03c0\u03b9\u03b4\u03b5\u03c1\u03bc\u03b9\u03ba\u03ac \u03ba\u03cd\u03c4\u03c4\u03b1\u03c1\u03b1. \u039c\u03af\u03b1 \u03c3\u03b5\u03b9\u03c1\u03ac \u03c0\u03c1\u03bf\u03ca\u03cc\u03bd\u03c4\u03c9\u03bd \u03c5\u03b3\u03b9\u03b5\u03b9\u03bd\u03ae\u03c2 \u03ba\u03b1\u03b9 \u03c0\u03b5\u03c1\u03b9\u03c0\u03bf\u03af\u03b7\u03c3\u03b7\u03c2 \u03b3\u03b9\u03b1 \u03cc\u03bb\u03b1 \u03c4\u03b1 \u03b5\u03c5\u03b1\u03af\u03c3\u03b8\u03b7\u03c4\u03b1 \u03b4\u03ad\u03c1\u03bc\u03b1\u03c4\u03b1. Vivacit\u00e9 et la 21 \u00e9dition du salon des m\u00e9tiers dart \u00e0 Liege du vendredi 27 au jeudi 31 d\u00e9cembre-Une girafe dans une \u00e9glise? Des bijoux qui racontent une histoire? Assur\u00e9ment, cest le Salon des M\u00e9tiers dArt! Le Salon des m\u00e9tiers dArt, cest une exposition dexception de 27 artisans dart wallon, mais \u00e9galement des d\u00e9monstrations, des rencontres et des animations!Ce sont aussi de nombreux \u00e9v\u00e9nements pour lesquels vous \u00eates invit\u00e9s gratuitement \u00e0 lEspace Saint-Antoine! Et tout est GRATUIT!-RDV : au mus\u00e9e de la vie Wallonne. INFOS : http:www.provincedeliege.be <img decoding=\"async\" src=\"http:\/\/www.suspicioons.tk\/uploads\/Image\/17\/7836_939_Theo_Lhostis_KiteSurf2.jpg\" alt=\"isabelle hauben rencontre infernale\" align=\"center\"> Prix 20 rens et r\u00e9servations Beno\u00eet Ramelot 0476.781.471 Dun c\u00f4t\u00e9 Jacky Frognard Renaud Rutten, ancien boucher, reconverti en ferrailleur, sa femme Ren\u00e9e Gis\u00e8le Mariette et leur fille Rosette Frognard Isabelle Hauben 28 ans c\u00e9libataire, vivant toujours chez ses parents dans une modeste caravane. Apr\u00e8s Caract\u00e8res! elle nous revient avec une nouvelle galerie de personnages. Des femmes de chez nous, de chez vous? Des femmes quon aimerait avoir \u00e0 sa table-ou pas, des belles, des laides, des. Mer. 1706 au dim. 2106 Agenda Com\u00e9die Centrale Charleroi 6000 \u039f\u03b9 \u03b1\u03c0\u03bf\u03c1\u03c1\u03bf\u03c6\u03b7\u03c4\u03b9\u03ba\u03ad\u03c2 \u03bc\u03b9\u03ba\u03c1\u03bf\u03ba\u03ac\u03c8\u03bf\u03c5\u03bb\u03b5\u03c2 \u03b1\u03c6\u03b1\u03b9\u03c1\u03bf\u03cd\u03bd \u03c4\u03b7 \u03b3\u03c5\u03b1\u03bb\u03ac\u03b4\u03b1 \u03b1\u03c0\u03cc \u03c4\u03b9\u03c2 \u03c0\u03c1\u03bf\u03b2\u03bb\u03b7\u03bc\u03b1\u03c4\u03b9\u03ba\u03ad\u03c2 \u03b6\u03ce\u03bd\u03b5\u03c2 \u0391\u03c0\u03bf\u03c4\u03b5\u03bb\u03ad\u03c3\u03bc\u03b1\u03c4\u03b1 \u03bc\u03b5\u03c4\u03ac \u03c4\u03b7\u03bd \u03c7\u03c1\u03ae\u03c3\u03b7 \u03c4\u03b7\u03c2 Tol\u00e9rance extr\u00eame \u03b3\u03b9\u03b1 21 \u03b7\u03bc\u03ad\u03c1\u03b5\u03c2, \u03ba\u03b1\u03c4\u03ac \u03bc\u03ad\u03c3\u03bf \u03cc\u03c1\u03bf. Au sortir dune conf\u00e9rence interreligieuse, un pr\u00eatre, un rabbin, un iman et un bonze se retrouvent enferm\u00e9s dans une pi\u00e8ce sans communication possible avec lext\u00e9rieur. Prisonniers dun in\u00e9luctable face-a-face, ils engagent un d\u00e9bat aussi vif que savoureux o\u00f9 croyances et diff\u00e9rences saffrontent, tandis que mijote une poularde qui saura peut-\u00eatre pacifier les esprits et transformer ce huis clos en une irr\u00e9sistible com\u00e9die. Rire et sinterroger avec les religions, cest le d\u00e9fi que vous propose Cabaret 2000.  R\u00e9dactionnels Articles-Page 6 sur 82-Vis\u00e9 Magazine <img decoding=\"async\" src=\"http:\/\/rampok.org\/img\/5f52304c5ae9ba7967e4126f47978e41.jpg\" alt=\"isabelle hauben rencontre infernale\" align=\"left\"> Elle h\u00e9berge 454 esp\u00e8ces v\u00e9g\u00e9tales et 320 esp\u00e8ces animales dont certaines sont rares et menac\u00e9es.Si vous souhaitez faire une promenade ou une randonn\u00e9e p\u00e9destre cest possible! Elles sont autoris\u00e9es.. BP 457 Givet 08600 Annonces similaires INFO SERVICE LAGENDA DE CE DEBUT DE SEMAINE.-Tous droits r\u00e9serv\u00e9s .<\/p>\n","protected":false},"excerpt":{"rendered":"<p>isabelle hauben rencontre infernale<\/p>\n","protected":false},"author":1,"featured_media":0,"comment_status":"closed","ping_status":"closed","sticky":false,"template":"","format":"standard","meta":{"footnotes":""},"categories":[1],"tags":[],"_links":{"self":[{"href":"https:\/\/dig-stuttgart.de\/info\/wp-json\/wp\/v2\/posts\/4850"}],"collection":[{"href":"https:\/\/dig-stuttgart.de\/info\/wp-json\/wp\/v2\/posts"}],"about":[{"href":"https:\/\/dig-stuttgart.de\/info\/wp-json\/wp\/v2\/types\/post"}],"author":[{"embeddable":true,"href":"https:\/\/dig-stuttgart.de\/info\/wp-json\/wp\/v2\/users\/1"}],"replies":[{"embeddable":true,"href":"https:\/\/dig-stuttgart.de\/info\/wp-json\/wp\/v2\/comments?post=4850"}],"version-history":[{"count":1,"href":"https:\/\/dig-stuttgart.de\/info\/wp-json\/wp\/v2\/posts\/4850\/revisions"}],"predecessor-version":[{"id":4851,"href":"https:\/\/dig-stuttgart.de\/info\/wp-json\/wp\/v2\/posts\/4850\/revisions\/4851"}],"wp:attachment":[{"href":"https:\/\/dig-stuttgart.de\/info\/wp-json\/wp\/v2\/media?parent=4850"}],"wp:term":[{"taxonomy":"category","embeddable":true,"href":"https:\/\/dig-stuttgart.de\/info\/wp-json\/wp\/v2\/categories?post=4850"},{"taxonomy":"post_tag","embeddable":true,"href":"https:\/\/dig-stuttgart.de\/info\/wp-json\/wp\/v2\/tags?post=4850"}],"curies":[{"name":"wp","href":"https:\/\/api.w.org\/{rel}","templated":true}]}}