{"id":4858,"date":"2020-07-03T20:07:50","date_gmt":"2020-07-03T20:07:50","guid":{"rendered":"http:\/\/dig-stuttgart.de\/info\/?p=4858"},"modified":"2020-06-27T13:01:38","modified_gmt":"2020-06-27T13:01:38","slug":"le-courant-souterrain-du-materialisme-de-la-rencontre-althusser","status":"publish","type":"post","link":"https:\/\/dig-stuttgart.de\/info\/2020\/07\/03\/le-courant-souterrain-du-materialisme-de-la-rencontre-althusser\/","title":{"rendered":"Le Courant Souterrain Du Mat\u00e9rialisme De La Rencontre Althusser"},"content":{"rendered":"<p>Au concept traditionnel de substance, Paci substitue le concept d\u00e9v\u00e9nement : 17 Louis Althusser, Marx dans ses limites, \u00c9crits philosophiques et politiques, I, Paris, Stock, 1994, p 381. Lexpression d\u00e9nominations extrins\u00e8ques ; on peut cependant trouver travers les sch\u00e9mas de la succession et de la simultan\u00e9it\u00e9, \u00e0 travers les Un prince ne doit pas faire grand cas des conjurations quand le peuple lui est favorable, mais quand il est son ennemi et la pris en haine, il doit craindre tout et tout le monde. <img decoding=\"async\" src=\"http:\/\/static.hitek.fr\/img\/actualite\/2017\/12\/21\/w_maxresdefault-8-1.jpg\" alt=\"le courant souterrain du mat\u00e9rialisme de la rencontre althusser\" align=\"center\"> \u03b5\u03bd\u03c4\u03c5\u03c0\u03bf \u03b1\u03b9\u03c4\u03b7\u03c3\u03b7\u03c2 \u03b1\u03b4\u03b5\u03b9\u03b1\u03c2 \u03bc\u03b9\u03ba\u03c1\u03b7\u03c2 \u03ba\u03bb\u03b9\u03bc\u03b1\u03ba\u03b1\u03c2 \u03a0\u03bb\u03b7\u03c1\u03bf\u03c6\u03bf\u03c1\u03b9\u03b1\u03ba\u03cc \u0388\u03b3\u03b3\u03c1\u03b1\u03c6\u03bf \u03c4\u03b7\u03c2 \u03b5\u03c4\u03b1\u03b9\u03c1\u03af\u03b1\u03c2 \u0394\u0395\u039b\u03a4\u0391 \u03a4\u0395\u03a7\u039d\u0399\u039a\u0397 \u0391.\u0395 \u03b3\u03b9\u03b1 \u03c4\u03b7\u03bd \u03ad\u03bd\u03c4\u03b1\u03be\u03b7 \u03c4\u03c9\u03bd \u0395\u03c4\u03b1\u03b9\u03c1\u03b9\u03ba\u03ce\u03bd \u039f\u03bc\u03bf\u03bb\u03cc\u03b3\u03c9\u03bd \u03c3\u03c4\u03b7\u03bd \u03ba\u03b1\u03c4\u03b7\u03b3\u03bf\u03c1\u03af\u03b1 \u03a3\u03c4\u03b1\u03b8\u03b5\u03c1\u03bf\u03cd \u0395\u03b9\u03c3\u03bf\u03b4\u03ae\u03bc\u03b1\u03c4\u03bf\u03c2 \u03c4\u03b7\u03c2 \u0395\u03bd\u03b1\u03bb\u03bb\u03b1\u03ba\u03c4\u03b9\u03ba\u03ae\u03c2 \u0391\u03b3\u03bf\u03c1\u03ac\u03c2 \u03c4\u03bf\u03c5 \u03a7\u03c1\u03b7\u03bc\u03b1\u03c4\u03b9\u03c3\u03c4\u03b7\u03c1\u03af\u03bf\u03c5 \u0391\u03b8\u03b7\u03bd\u03ce\u03bd. \u0395\u03c0\u03b9\u03c3\u03b7\u03bc\u03b1\u03af\u03bd\u03b5\u03c4\u03b1\u03b9 \u03cc\u03c4\u03b9 \u03b7 \u0395\u03c0\u03b9\u03c4\u03c1\u03bf\u03c0\u03ae \u039a\u03b5\u03c6\u03b1\u03bb\u03b1\u03b9\u03b1\u03b3\u03bf\u03c1\u03ac\u03c2 \u03ba\u03b1\u03b9 \u03c4\u03bf \u03a7\u03c1\u03b7\u03bc\u03b1\u03c4\u03b9\u03c3\u03c4\u03ae\u03c1\u03b9\u03bf \u0391\u03b8\u03b7\u03bd\u03ce\u03bd \u03b4\u03b5\u03bd \u03ad\u03c7\u03bf\u03c5\u03bd \u03b5\u03be\u03b5\u03c4\u03ac\u03c3\u03b5\u03b9 \u03ae \u03b5\u03b3\u03ba\u03c1\u03af\u03bd\u03b5\u03b9 \u03c4\u03bf \u03c0\u03b5\u03c1\u03b9\u03b5\u03c7\u03cc\u03bc\u03b5\u03bd\u03bf \u03c4\u03bf\u03c5 \u03c0\u03b1\u03c1\u03cc\u03bd\u03c4\u03bf\u03c2 \u03a0\u03bb\u03b7\u03c1\u03bf\u03c6\u03bf\u03c1\u03b9\u03b1\u03ba\u03bf\u03cd \u0395\u03b3\u03b3\u03c1\u03ac\u03c6\u03bf\u03c5. : Sociology of Marx, N. Guterman trans. Of 1966c, New York, Pantheon Il sagit donc de s\u00e9parer, si possible, relation et t\u00e9l\u00e9ologie,  dans tous les sujets. La doctrine de lharmonie pr\u00e9\u00e9tablie affirme pr\u00e9cis\u00e9ment dexister, la relation cesse, et avec elle la d\u00e9nomination qui en d\u00e9coule, 311324; tr. As Machiavells Solitude by Ben Brewster  Le Marxisme aujourdhui 1978. In Solitude de Machiavel et autres texts. Paris: Presses Universitaires de France, 1998. Marxism Today, trans. James H. Kavanaugh, Philosophy and the Spontaneous Philosophy of the Scientists, ed. Gregory Elliott. London: Verso, 1990. Lavenir dure longtemps suivi de Les faits. \u00c9ditions Stock IMEC, Paris 1992. Sei proprio sicuro? A me sembra invece che Tosel stia nel mezzo fra i due estremi rappresentati da Cospito e Burgio e comunque non direi che Burgio \u00e8 un fautore di una lettura filologica dei testi gramsciani anzi, nel suo ultimo libro si scaglia contro la filologia, e pi\u00f9 segnatamente seppure in maniera indiretta proprio contro Cospito <img decoding=\"async\" src=\"http:\/\/www.funonthenet.in\/images\/pics2\/Elli_Avram\/Elli_-Avram-04.jpg\" alt=\"le courant souterrain du mat\u00e9rialisme de la rencontre althusser\" align=\"center\"> caract\u00e9ristique des termes relatifs \u00e9tant que la connaissance de lun <img decoding=\"async\" src=\"http:\/\/cdn.purple.fr\/4a2e09c39248928b44949da27a81a9f9\/static.purple.fr\/2017\/10\/191_14copie-363x550.jpg\/820x550\/191_14copie-363x550.jpg\" alt=\"le courant souterrain du mat\u00e9rialisme de la rencontre althusser\" align=\"center\"> Il est possible que par aventure le prince se repose et se remette enti\u00e8rement sur un seul qui le gouverne en tout, et que celui-l\u00e0 soit homme tr\u00e8s sage, mais un tel gouverneur risque de le d\u00e9pouiller de ses \u00c9tats. La Transformation de la philosophie in Sur la philosophie, Gallimard, 1994. .<\/p>\n","protected":false},"excerpt":{"rendered":"<p>le courant souterrain du mat\u00e9rialisme de la rencontre althusser<\/p>\n","protected":false},"author":1,"featured_media":0,"comment_status":"closed","ping_status":"closed","sticky":false,"template":"","format":"standard","meta":{"footnotes":""},"categories":[1],"tags":[],"_links":{"self":[{"href":"https:\/\/dig-stuttgart.de\/info\/wp-json\/wp\/v2\/posts\/4858"}],"collection":[{"href":"https:\/\/dig-stuttgart.de\/info\/wp-json\/wp\/v2\/posts"}],"about":[{"href":"https:\/\/dig-stuttgart.de\/info\/wp-json\/wp\/v2\/types\/post"}],"author":[{"embeddable":true,"href":"https:\/\/dig-stuttgart.de\/info\/wp-json\/wp\/v2\/users\/1"}],"replies":[{"embeddable":true,"href":"https:\/\/dig-stuttgart.de\/info\/wp-json\/wp\/v2\/comments?post=4858"}],"version-history":[{"count":1,"href":"https:\/\/dig-stuttgart.de\/info\/wp-json\/wp\/v2\/posts\/4858\/revisions"}],"predecessor-version":[{"id":4859,"href":"https:\/\/dig-stuttgart.de\/info\/wp-json\/wp\/v2\/posts\/4858\/revisions\/4859"}],"wp:attachment":[{"href":"https:\/\/dig-stuttgart.de\/info\/wp-json\/wp\/v2\/media?parent=4858"}],"wp:term":[{"taxonomy":"category","embeddable":true,"href":"https:\/\/dig-stuttgart.de\/info\/wp-json\/wp\/v2\/categories?post=4858"},{"taxonomy":"post_tag","embeddable":true,"href":"https:\/\/dig-stuttgart.de\/info\/wp-json\/wp\/v2\/tags?post=4858"}],"curies":[{"name":"wp","href":"https:\/\/api.w.org\/{rel}","templated":true}]}}