{"id":4874,"date":"2020-07-03T05:44:55","date_gmt":"2020-07-03T05:44:55","guid":{"rendered":"http:\/\/dig-stuttgart.de\/info\/?p=4874"},"modified":"2020-06-27T13:09:31","modified_gmt":"2020-06-27T13:09:31","slug":"centre-de-rencontre-baume-les-dames","status":"publish","type":"post","link":"https:\/\/dig-stuttgart.de\/info\/2020\/07\/03\/centre-de-rencontre-baume-les-dames\/","title":{"rendered":"Centre De Rencontre Baume Les Dames"},"content":{"rendered":"<p><img decoding=\"async\" src=\"http:\/\/www.kjutlu.ga\/media\/catalog\/product\/cache\/31\/small_image\/930x\/a18d63d58ef90179f78dc3d9257006f0\/8\/6\/8618105_101_6.jpg\" alt=\"centre de rencontre baume les dames\" align=\"center\"> 2020 Diversions, linfo multim\u00e9dia en Alsace Bourgogne Franche-Comt\u00e9. Tous droits r\u00e9serv\u00e9s Nous sommes d\u00e9sol\u00e9s, mais certaines parties du site web Airbnb ne fonctionnent pas correctement sans lactivation de JavaScript.   Jaccepte de recevoir les offres sp\u00e9ciales des partenaires du site Fille de Pierre-Joseph de Montrichard, dossier 30-J-18, 1762-XIX e si\u00e8cle fonds des archives du ch\u00e2teau de La Chasseigne, vers\u00e9es aux Archives d\u00e9partementales de la Ni\u00e8vre Alix I de Montbazon, de \u00e0. Elle fut \u00e9lue avec lappui de Thi\u00e9baud de. Celui-ci se pr\u00e9senta au milieu des religieuses et r\u00e9clama lhonneur d\u00eatre le garant de la tranquillit\u00e9 de l\u00e9lection par ainsi comme mes p\u00e8res et devanciers lont eu et en ont usey toutesfoys que le cas est relvenu, paisiblement et si longtemps quil y a m\u00e9moire du contraire. Comme tout le monde h\u00e9sitait sur la validit\u00e9 de la proc\u00e9dure il soumit son droit \u00e0 larbitrage dun ensemble de pr\u00eatres et de chevaliers qui tous acquiesc\u00e8rent et proclam\u00e8rent Monseignour de nuefchastel, vicomte de bame, et qui a voix en cestuy chapitre \u00e0 \u00e9lection faire dabbasse de son droit et anciennetey, que chacun se restrayeariers jusques \u00e9lection dabasse soit faite par le dit Monseignour de Nuefchastel et les Dames qui sont en cestuy chapitre.  cherche joli fille jeune pas plus de 21 ans, tr\u00e8s coquine qui aime samuser et sortir en soir\u00e9 comme par exemple au bal. Jaccepte de recevoir des infos, des jeux et des offres privil\u00e8ges du site Trouvez et r\u00e9servez des h\u00e9bergements uniques sur Airbnb 33 6 84 62 42 32 Association Captaine Jack, 7 rue de l\u00c9cole de Berne 25230 Seloncourt <img decoding=\"async\" src=\"http:\/\/medias.blogbmw.fr\/2014\/08\/BMW-M-Sortie-Vercors-15-Copie-1680x600.jpg\" alt=\"centre de rencontre baume les dames\" align=\"right\"> Nous sommes heureux de vous accueillir tout en respectant les r\u00e8gles dhygi\u00e8nes-Et de deux pour les seniors masculins photo! Pour la deuxi\u00e8me ann\u00e9e cons\u00e9cutive, les Baumois remportent le titre de champion du.. Vous avez des remarques \u00e0 nous faire sur le site macommune.info? Partagez sur Facebook Partagez sur Twitter Partagez sur Linkedin Partagez par Email Imprimer Mais ce retournement de situation \u00e9tait pourtant bien loin de mettre fin \u00e0 lint\u00e9r\u00eat de la rencontre. En grande difficult\u00e9 depuis le retour des vestiaires, les joueurs de Fred Parrenin profitaient dune nouvelle faute dans la surface pour se relancer sur le second p\u00e9nalty de Florin 74 ; 3-3. Ce sc\u00e9nario compl\u00e8tement fou connaissait son \u00e9pilogue sur lultime contre du match initi\u00e9 par Leres et conclu par Bedeaux 904 ; 3-4! <img decoding=\"async\" src=\"http:\/\/www.coloringpages101.com\/coloring_pages\/Pattern\/stained_glass055_ztyxz.jpg\" alt=\"centre de rencontre baume les dames\" align=\"right\"> SUPERHOST Chambre priv\u00e9e 2 voyageurs 1 lit 1 salle de bain partag\u00e9e.<\/p>\n","protected":false},"excerpt":{"rendered":"<p>centre de rencontre baume les dames<\/p>\n","protected":false},"author":1,"featured_media":0,"comment_status":"closed","ping_status":"closed","sticky":false,"template":"","format":"standard","meta":{"footnotes":""},"categories":[1],"tags":[],"_links":{"self":[{"href":"https:\/\/dig-stuttgart.de\/info\/wp-json\/wp\/v2\/posts\/4874"}],"collection":[{"href":"https:\/\/dig-stuttgart.de\/info\/wp-json\/wp\/v2\/posts"}],"about":[{"href":"https:\/\/dig-stuttgart.de\/info\/wp-json\/wp\/v2\/types\/post"}],"author":[{"embeddable":true,"href":"https:\/\/dig-stuttgart.de\/info\/wp-json\/wp\/v2\/users\/1"}],"replies":[{"embeddable":true,"href":"https:\/\/dig-stuttgart.de\/info\/wp-json\/wp\/v2\/comments?post=4874"}],"version-history":[{"count":1,"href":"https:\/\/dig-stuttgart.de\/info\/wp-json\/wp\/v2\/posts\/4874\/revisions"}],"predecessor-version":[{"id":4875,"href":"https:\/\/dig-stuttgart.de\/info\/wp-json\/wp\/v2\/posts\/4874\/revisions\/4875"}],"wp:attachment":[{"href":"https:\/\/dig-stuttgart.de\/info\/wp-json\/wp\/v2\/media?parent=4874"}],"wp:term":[{"taxonomy":"category","embeddable":true,"href":"https:\/\/dig-stuttgart.de\/info\/wp-json\/wp\/v2\/categories?post=4874"},{"taxonomy":"post_tag","embeddable":true,"href":"https:\/\/dig-stuttgart.de\/info\/wp-json\/wp\/v2\/tags?post=4874"}],"curies":[{"name":"wp","href":"https:\/\/api.w.org\/{rel}","templated":true}]}}