{"id":4890,"date":"2020-07-03T15:55:41","date_gmt":"2020-07-03T15:55:41","guid":{"rendered":"http:\/\/dig-stuttgart.de\/info\/?p=4890"},"modified":"2020-06-27T13:13:56","modified_gmt":"2020-06-27T13:13:56","slug":"malgache-rencontre","status":"publish","type":"post","link":"https:\/\/dig-stuttgart.de\/info\/2020\/07\/03\/malgache-rencontre\/","title":{"rendered":"Malgache Rencontre"},"content":{"rendered":"<p>Sheldon se livre \u00e0 des exp\u00e9rimentations sur Missy, sa jumelle cobaye, tandis que Georgie, la\u00een\u00e9 de la fratrie, se joint au groupe d\u00e9tude biblique de Mary dans le but de passer plus de temps en compagnie de Veronica, son grand coup de coeur Coronavirus : le sanctuaire de Lourdes ferme ses portes Cette ann\u00e9e la FIM arbore un nouveau visage, celui du Business intelligent, avec une volont\u00e9 de mobiliser davantage les acteurs de l\u00e9conomie num\u00e9rique. Cette \u00e9dition 2019, tout en maintenant le caract\u00e8re multisectoriel de la manifestation, sera loccasion de mobiliser les acteurs de l\u00e9conomie num\u00e9rique, ceux du secteur des \u00e9nergies renouvelables, encourager la participation des Cr\u00e9dits photos : Festival des Rencontres du Film Court Cat\u00e9gorie: Femme-Pays: Madagascar-R\u00e9gion: Toutes les localit\u00e9s Sorry, you have been blocked You are unable to access allibert-trekking.com TUNIS- Pour le troisi\u00e8me jour cons\u00e9cutif, la Tunisie ne compte pas de nouveaux cas confirm\u00e9s ni de d\u00e9c\u00e8s dus au COVID-19 alors que le nombre de gu\u00e9risons a augment\u00e9 \u00e0 740, a r\u00e9v\u00e9l\u00e9 dans la nuit de mardi \u00e0 mercredi le minist\u00e8re tunisien de la Sant\u00e9. Le total des cas confirm\u00e9s reste inchang\u00e9, soit 1.032, alors que celui des d\u00e9c\u00e8s se maintient \u00e0 45.  Du 26 septembre au 1er octobre, le Sanctuaire Sainte-Th\u00e9r\u00e8se \u00e0 Paris c\u00e9l\u00e8bre Th\u00e9r\u00e8se de Lisieux, docteur de lEglise. D\u00e9couvrez la programmation sp\u00e9ciale de Radio Notre Dame \u00e0 cette occasion. Lamour fait vivre.. Femme c\u00e9libataire de 32 ans cherche homme pour rencontre s\u00e9rieuse La on commence a se poser des questions ; est ce le propri\u00e9taire des maisons? Est ce lagence immobili\u00e8re-je mets des guillemets car celui qui nous a donn\u00e9 les cl\u00e9s navait aucun papier ni rien dofficiel et une tete louche bien que nous soyons pass\u00e9s via le r\u00e9seau pro par une agence pro reconnue la bas. R\u00e9pondre \u00e0 : Attention Danger-retour de Magacascar-ins\u00e9curit\u00e9 totale  <img decoding=\"async\" src=\"http:\/\/savoirplus.org\/images%20filles%202013\/lerte.jpg\" alt=\"malgache rencontre\" align=\"left\"> En toutes circonstances, restez courtois, et faites preuve de biens\u00e9ance et de politesse envers les autres utilisateurs du forum. Lors de la 8e Nuit des \u00e9glises, du 30 juin au 7 juillet, les lieux de culte seront ouverts. Une occasion de d\u00e9couvrir les coins et recoins normalement cach\u00e9s au public. Exemple avec la visite guide de l\u00e9glise Saint-Sulpice \u00e0 Paris.  Et nh\u00e9sitez pas \u00e0 partager vos impressions et commentaires! En avril 1963, Madagascar sinscrit \u00e0 un autre tournoi organis\u00e9 entre pays africains francophones, cette fois au S\u00e9n\u00e9gal, et est plac\u00e9 dans un groupe rassemblant le Dahomey aujourdhui le, le et le. Ils d\u00e9butent cette comp\u00e9tition avec une victoire 1 \u00e0 0 sur le Dahomey le 11 avril, encha\u00eenent face au Tchad 2-1 le 13 avril puis face au Liberia 3-1 le 15 avril. En demi-finale, Madagascar est battu 2 \u00e0 1 par la le 19 avril. Ils sinclinent de nouveau 4 \u00e0 1 contre l\u00e9quipe amateur de France lors du match pour la troisi\u00e8me place le 21 avril. Jai roul\u00e9 ma bosse aux 4 coins du monde, je suis assez bon vivant, jai lhabitude de me fondre dans le paysage et de communiquer avec les locaux. Mais l\u00e0, cest vraiment le pays dans lequel je me suis senti le plus mal. Tout est corrompu, on ne peut faire confiance a personne. Petit-d\u00e9jeuner matinal \u00e0 lh\u00f4tel avant le rendez-vous avec un guide officiel du parc. Il vous accompagnera, \u00e0 la recherche des l\u00e9muriens, des cam\u00e9l\u00e9ons et autres grenouilles qui vivent dans cette for\u00eat secondaire. En tout d\u00e9but dapr\u00e8s-midi, d\u00e9part en taxi local pour Mahanoro-sur les bords de loc\u00e9an Indien c\u00f4te Est environ 5 heures de trajet Un Car\u00eame pour le pardon : J\u00e9sus ma donn\u00e9 envie de pardonner Nos m\u00e9dias et nos responsables naiment pas les donn\u00e9es \u00e9conomiques et sen tiennent le plus souvent aux d\u00e9bats politiques et sociaux. Pourtant seuls les chiffres permettent de comprendre les v\u00e9rit\u00e9s tant nationales que g\u00e9opolitiques. Le t\u00e9moignage bouleversant de S\u0153ur Bernadette Moriau, miracul\u00e9e de Lourdes, devant les p\u00e8lerins venus du monde entier c\u00e9l\u00e9brer la messe ce mardi 14 ao\u00fbt 2018. Cette r\u00e9alit\u00e9 est une invitation \u00e0 faire m\u00e9moire avec reconnaissance de tous ceux qui nont pas eu peur et ont su miser sur J\u00e9sus-Christ ainsi que sur son Royaume ; et aujourdhui, vous faites partie de leur h\u00e9ritage. Avant vous, il y a les racines : les racines de l\u00e9vang\u00e9lisation, ici. Vous \u00eates lh\u00e9ritage. Et vous aussi vous laisserez un h\u00e9ritage aux autres. Je pense aux lazaristes, aux j\u00e9suites, aux s\u0153urs de Saint Joseph de Cluny, aux fr\u00e8res des \u00e9coles chr\u00e9tiennes, aux missionnaires de la Salette et \u00e0 tous les autres pionniers, \u00e9v\u00eaques, pr\u00eatres et consacr\u00e9s. Mais jai \u00e9galement une pens\u00e9e pour les nombreux la\u00efcs qui, en des temps difficiles de pers\u00e9cution, quand beaucoup de missionnaires et de consacr\u00e9s ont d\u00fb partir, ont maintenu vive la flamme de la foi sur ces terres. Cela nous invite \u00e0 nous souvenir de notre bapt\u00eame, comme le premier et grand sacrement par lequel nous avons \u00e9t\u00e9 marqu\u00e9s du sceau denfants de Dieu. Tout le reste est une expression et une manifestation de cet amour initial que nous sommes toujours appel\u00e9s \u00e0 renouveler. Les d\u00e9put\u00e9s de la majorit\u00e9 esp\u00e8rent notamment de la part du chef de l\u00c9tat des perspectives sur la strat\u00e9gie \u00e0 suivre face \u00e0 la crise \u00e9conomique. Mais certains esp\u00e8rent aussi quil \u00e9voquera les manifestations contre le racisme et la mise en cause des violences polici\u00e8res. <img decoding=\"async\" src=\"http:\/\/www.blackandbeauties.com\/maj\/upload\/compte\/photos\/photo_235384c44070708950b2aff0818e28c2.jpg\" alt=\"malgache rencontre\" align=\"center\"> Diego Rinallo, Kedge Business School Comme toute autre forme de rassemblement, les rituels et les \u00e9v\u00e9nements religieux pr\u00e9sentent un risque de transmission du Covid-19. Pour en savoir plus ou exercer vos droits, vous pouvez consulter nos. <img decoding=\"async\" src=\"http:\/\/m2-design.org\/img\/ef738a79e71b3d978517223bc5e03908.jpg\" alt=\"malgache rencontre\" align=\"right\">.<\/p>\n","protected":false},"excerpt":{"rendered":"<p>malgache rencontre<\/p>\n","protected":false},"author":1,"featured_media":0,"comment_status":"closed","ping_status":"closed","sticky":false,"template":"","format":"standard","meta":{"footnotes":""},"categories":[1],"tags":[],"_links":{"self":[{"href":"https:\/\/dig-stuttgart.de\/info\/wp-json\/wp\/v2\/posts\/4890"}],"collection":[{"href":"https:\/\/dig-stuttgart.de\/info\/wp-json\/wp\/v2\/posts"}],"about":[{"href":"https:\/\/dig-stuttgart.de\/info\/wp-json\/wp\/v2\/types\/post"}],"author":[{"embeddable":true,"href":"https:\/\/dig-stuttgart.de\/info\/wp-json\/wp\/v2\/users\/1"}],"replies":[{"embeddable":true,"href":"https:\/\/dig-stuttgart.de\/info\/wp-json\/wp\/v2\/comments?post=4890"}],"version-history":[{"count":1,"href":"https:\/\/dig-stuttgart.de\/info\/wp-json\/wp\/v2\/posts\/4890\/revisions"}],"predecessor-version":[{"id":4891,"href":"https:\/\/dig-stuttgart.de\/info\/wp-json\/wp\/v2\/posts\/4890\/revisions\/4891"}],"wp:attachment":[{"href":"https:\/\/dig-stuttgart.de\/info\/wp-json\/wp\/v2\/media?parent=4890"}],"wp:term":[{"taxonomy":"category","embeddable":true,"href":"https:\/\/dig-stuttgart.de\/info\/wp-json\/wp\/v2\/categories?post=4890"},{"taxonomy":"post_tag","embeddable":true,"href":"https:\/\/dig-stuttgart.de\/info\/wp-json\/wp\/v2\/tags?post=4890"}],"curies":[{"name":"wp","href":"https:\/\/api.w.org\/{rel}","templated":true}]}}