{"id":4922,"date":"2020-07-03T12:13:17","date_gmt":"2020-07-03T12:13:17","guid":{"rendered":"http:\/\/dig-stuttgart.de\/info\/?p=4922"},"modified":"2020-06-27T13:41:05","modified_gmt":"2020-06-27T13:41:05","slug":"rencontres-arts-nature-2012-sancy","status":"publish","type":"post","link":"https:\/\/dig-stuttgart.de\/info\/2020\/07\/03\/rencontres-arts-nature-2012-sancy\/","title":{"rendered":"Rencontres Arts Nature 2012 Sancy"},"content":{"rendered":"<p>Et l\u00e0, au bord du chemin, cet arbre a sans doute \u00e9t\u00e9 abattu par une temp\u00eate. Recevoir un email lorsquun commentaire est publi\u00e9 sur ce message.  Le parc ouvre jusqu\u00e0 23h00 tous les mercredis, du 18 juillet au 22 ao\u00fbt inclus, et les mardis 7 et 14 ao\u00fbt. Toutes les animations et attractions sont ouvertes jusqu\u00e0 la tomb\u00e9e de la nuit pour permettre aux visiteurs de profiter pleinement de la f\u00e9\u00e9rie du parc. RECUEIL DE L\u00c3GENDES ET DHISTOIRES DU..-Massif du Sancy Cardinal se dresse fi\u00e8rement sur le pic du Capucin Mont-Dore. Les artistes et Marion Robert ont r\u00e9alis\u00e9 une oeuvre qui redessine le sommet du volcan de sa forme conique. Compos\u00e9e dune centaine de sangles de couleur rouge, elle a une double finalit\u00e9: servir de rep\u00e8re visuel au randonneur, avec ses 7 m\u00e8tres de haut. Mais elle propose aussi des points de vue sur les paysages au spectateur qui se trouve \u00e0 lint\u00e9rieur de linstallation. Ce message saffichera sur lautre appareil. Pourquoi voyez-vous ce message? Festival de lEstran, C\u00f4te de Granit Rose, Bretagne, France <img decoding=\"async\" src=\"http:\/\/www.thrive.wemissedeachother.com\/membres\/photos\/5a_Vaulx_Jazz.jpg\" alt=\"rencontres arts nature 2012 sancy\" align=\"right\"> 7e volet de notre s\u00e9rie photo consacr\u00e9e \u00e0 leau sous toutes ses formes, en Loire-Atlantique. Cette semaine, on suit lErdre, on admire les \u00e9cluses qui rythment son parcours et on la quitte lorsquelle rencontre la Vilaine. <img decoding=\"async\" src=\"http:\/\/idata.over-blog.com\/3\/33\/10\/87\/\/affiche_Sancy-7a05a.jpg\" alt=\"rencontres arts nature 2012 sancy\" align=\"right\"> La fontaine Adam et Eve a \u00e9t\u00e9 construite plus tardivement, au XVIIe si\u00e8cle. Coronavirus : tentative descroquerie \u00e0 la lingette d\u00e9sinfectante dans lAllier Une fois la vision d\u00e9couverte, l\u0153uvre devient rapidement le support de limaginaire du spectateur et linvite \u00e0 laisser vagabonder son esprit, \u00e0 se raconter librement son histoire.  Le mot HORIZON fait face aux grottes de Jonas, \u00e0 Saint-Di\u00e9ry. Install\u00e9 dans un paysage simple, un pr\u00e9, loeuvre de bouleverse notre perception de lespace par sa simple pr\u00e9sence, \u00e0 la mani\u00e8re du panneau HOLLYWOOD-sur une colline au-dessus de Los Angeles. Mais elle sen d\u00e9marque par sa taille-5 m\u00e8tres de haut contre 14 pour Hollywood Sign-et sa composition qui r\u00e9pond aux exigences du Land Art. Si les lettres sont constitu\u00e9es de b\u00e2che blanche en PVC, la structure de maintien est en mat\u00e9riaux naturels: \u00e9chafaudage de bambous et piquets de cl\u00f4ture en acacia. Linstallation d\u00e9voile discr\u00e8tement sa dimension surr\u00e9aliste en fonction des conditions lumineuses ou climatiques et des moments de la journ\u00e9e ou de la nuit. Lapesanteur d\u00e9concertante de l\u0153uvre et la surprenante tenue dun lit sur leau r\u00e9veillent les sens et la perception, en particulier celle de la beaut\u00e9 des re\ufb02ets souvent in\ufb01d\u00e8les, plus fr\u00eales, d\u00e9formants, plus tremblants que leur original. Au sein m\u00eame du regroupement des lits deau, se presse un effet dautonomie et de mouvance de chaque \u00e9l\u00e9ment. Ce d\u00e9r\u00e8glement d\u00e9doubl\u00e9 incite avec douceur \u00e0 mesurer la vuln\u00e9rabilit\u00e9 des constructions humaines, solidaires ou m\u00eame po\u00e9tiques. Pour vos h\u00e9bergements vous trouverez votre bonheur avez lOffice de Tourisme en cliquant sur le logo : Exposition Horizon Massif du Sancy-Bernard Pauty 2009-Dreamtime, mus\u00e9e les abattoirs, Toulouse, grotte du mas dAzil.  Initialement pr\u00e9vu du 27 juin au 19 juillet, les organisateurs du Tour de France ont du sadapter \u00e0 la crise sanitaire actuelle et reporter la gran.. LAtelier 37.2, un couple dartistes franco-italiens, fait partie des douze laur\u00e9ats du concours lanc\u00e9 par lOffice de tourisme du Sancy Rencontre. <img decoding=\"async\" src=\"http:\/\/www.evamagazine.fr\/pub\/Montagne\/Massif_du_Sancy\/sancy2013_Page_1_Image_0002.jpg\" alt=\"rencontres arts nature 2012 sancy\" align=\"left\"> Le site du Museum de Toulouse pr\u00e9sente un grand int\u00e9r\u00eat pour toute la famille : Exposition Horizon Massif du Sancy-Bernard Pauty 2004 les anonymes, installation in-situ, collectif Alentours, envers nature, Ch\u00e2teau de Compi\u00e8gne.<\/p>\n","protected":false},"excerpt":{"rendered":"<p>rencontres arts nature 2012 sancy<\/p>\n","protected":false},"author":1,"featured_media":0,"comment_status":"closed","ping_status":"closed","sticky":false,"template":"","format":"standard","meta":{"footnotes":""},"categories":[1],"tags":[],"_links":{"self":[{"href":"https:\/\/dig-stuttgart.de\/info\/wp-json\/wp\/v2\/posts\/4922"}],"collection":[{"href":"https:\/\/dig-stuttgart.de\/info\/wp-json\/wp\/v2\/posts"}],"about":[{"href":"https:\/\/dig-stuttgart.de\/info\/wp-json\/wp\/v2\/types\/post"}],"author":[{"embeddable":true,"href":"https:\/\/dig-stuttgart.de\/info\/wp-json\/wp\/v2\/users\/1"}],"replies":[{"embeddable":true,"href":"https:\/\/dig-stuttgart.de\/info\/wp-json\/wp\/v2\/comments?post=4922"}],"version-history":[{"count":1,"href":"https:\/\/dig-stuttgart.de\/info\/wp-json\/wp\/v2\/posts\/4922\/revisions"}],"predecessor-version":[{"id":4923,"href":"https:\/\/dig-stuttgart.de\/info\/wp-json\/wp\/v2\/posts\/4922\/revisions\/4923"}],"wp:attachment":[{"href":"https:\/\/dig-stuttgart.de\/info\/wp-json\/wp\/v2\/media?parent=4922"}],"wp:term":[{"taxonomy":"category","embeddable":true,"href":"https:\/\/dig-stuttgart.de\/info\/wp-json\/wp\/v2\/categories?post=4922"},{"taxonomy":"post_tag","embeddable":true,"href":"https:\/\/dig-stuttgart.de\/info\/wp-json\/wp\/v2\/tags?post=4922"}],"curies":[{"name":"wp","href":"https:\/\/api.w.org\/{rel}","templated":true}]}}