{"id":4972,"date":"2020-07-03T10:34:03","date_gmt":"2020-07-03T10:34:03","guid":{"rendered":"http:\/\/dig-stuttgart.de\/info\/?p=4972"},"modified":"2020-06-27T14:03:19","modified_gmt":"2020-06-27T14:03:19","slug":"la-rencontre-rue-pelletier","status":"publish","type":"post","link":"https:\/\/dig-stuttgart.de\/info\/2020\/07\/03\/la-rencontre-rue-pelletier\/","title":{"rendered":"La Rencontre Rue Pelletier"},"content":{"rendered":"<p>Yan, repose en paix et prends soins de tes proches de l\u00e0-haut! Nous garderons des beaux souvenirs de toi! Retrouvez Mappy sur votre smartphone et votre tablette Les concessionnaires et les d\u00e9taillants de v\u00e9hicules de tous types, comme les automobiles, les bateaux et les motocyclettes, pourront rouvrir en respectant les mesures impos\u00e9es par la sant\u00e9 publique. Il est docteur en g\u00e9ographie depuis, apr\u00e8s une th\u00e8se intitul\u00e9e Un paysage traditionnel confront\u00e9 \u00e0 la haute-croissance : impacts et recherche d\u00e9quilibre dans le Bassin de Japon soutenue \u00e0 l. Rose Pelletier sappuie sur le tissu associatif local et a nou\u00e9 des conventions avec la mission locale, la maison des adolescents ou encore Cam\u00e9leon, une structure daccompagnement psychologique grenobloise. <img decoding=\"async\" src=\"http:\/\/studiotenenbaum.com\/thumbs\/film\/sans-plomb\/poster_sans_plomb_v2_web_m-320x457.jpg\" alt=\"la rencontre rue pelletier\" align=\"left\"> au quotidien la R\u00e9gion r\u00e9pond \u00e0 vos pr\u00e9occupations Le p\u00f4le contentieux compte d\u00e9sormais 2 associ\u00e9s pour un total de 7 avocats, et porte leffectif global du cabinet \u00e0 18 associ\u00e9s, 2 counsels et 30 collaborateurs.  Le patronage des filles sera ferm\u00e9 sur lensemble des vacances. Nous utilisons des cookies pour vous garantir la meilleure exp\u00e9rience sur notre site. Julien Andrez et son \u00e9quipe rejoignent le cabinet AyacheSalama Interview de Paz Levinson, Meilleure Sommeli\u00e8re des Am\u00e9riques, lors de la derni\u00e8re d\u00e9gustation du Carr\u00e9 Square.  Pelletier Dominique, Mallet Delphine, Roman William, 2014. Observer, \u00e9valuer et suivre la biodiversit\u00e9 sous marine des lagons : Int\u00e9r\u00eat des techniques vid\u00e9o rotatives en haute d\u00e9:nition. O\u00f9 en est-on en Nouvelle-Cal\u00e9donie? Tai Kona, 6, 12-26. Open Access version : Les mod\u00e8les de Diabolus auraient-ils le diable au corps? Diabolus <img decoding=\"async\" src=\"http:\/\/static1.villaschweppes.com\/articles\/3\/23\/17\/3\/@\/158123-la-nouvel-etablissement-de-dad-32-rue-l-560x0-1.jpg\" alt=\"la rencontre rue pelletier\" align=\"right\"> Centre Emile Pelletier : Salle polyvalente Caf\u00e9t\u00e9ria Arri\u00e8re sc\u00e8ne En 1856, Narcisse Pelletier sembarque aux en tant que, sur la lEug\u00e9nie pendant cinq mois, sous les ordres du capitaine Br\u00e9maud. Il d\u00e9barque \u00e0 Lu\u00e7on et quitte la bisquine lEug\u00e9nie. Il rejoint ensuite, o\u00f9 il sembarque sur la Reine des Mers.  Site internet international et Blogs des Missionnaires dAfrique P\u00e8res Blancs Site internet international et Blogs des Missionnaires dAfrique P\u00e8res Blancs : Il ne sagissait pas de prendre parti mais dobserver, avec le tact n\u00e9cessaire, au moins pour mettre en confiance. Cest une lutte territoriale et m\u00e9sologique. Sa th\u00e9matique la nature, la zone de p\u00eache, le territoire, la communaut\u00e9 insulaire et tous les discours qui les accompagnent est largement g\u00e9ographique, surtout si elle est approch\u00e9e sous un angle spatial le lieu, les distances, les mobilit\u00e9s, loccupation de lespace, la conception territoriale, le mode dappropriation spatiale pendant les manifestations et occupations, les alternatives, etc. En tant que G\u00e9ographe sp\u00e9cialiste du fait insulaire et de linsularit\u00e9, comment lisez vous cette \u00eele? <img decoding=\"async\" src=\"http:\/\/funerariumjb.com\/Images\/Necrologies\/thumbs\/pelletier-ghislainejpg-05ad489841f040a0.png\" alt=\"la rencontre rue pelletier\" align=\"left\"> Conf\u00e9rences sur le th\u00e8me Les femmes dans lEglise, dans le cadre des Journ\u00e9es Provinciales Dominicaines, Angers, janvier 2017.<\/p>\n","protected":false},"excerpt":{"rendered":"<p>la rencontre rue pelletier<\/p>\n","protected":false},"author":1,"featured_media":0,"comment_status":"closed","ping_status":"closed","sticky":false,"template":"","format":"standard","meta":{"footnotes":""},"categories":[1],"tags":[],"_links":{"self":[{"href":"https:\/\/dig-stuttgart.de\/info\/wp-json\/wp\/v2\/posts\/4972"}],"collection":[{"href":"https:\/\/dig-stuttgart.de\/info\/wp-json\/wp\/v2\/posts"}],"about":[{"href":"https:\/\/dig-stuttgart.de\/info\/wp-json\/wp\/v2\/types\/post"}],"author":[{"embeddable":true,"href":"https:\/\/dig-stuttgart.de\/info\/wp-json\/wp\/v2\/users\/1"}],"replies":[{"embeddable":true,"href":"https:\/\/dig-stuttgart.de\/info\/wp-json\/wp\/v2\/comments?post=4972"}],"version-history":[{"count":1,"href":"https:\/\/dig-stuttgart.de\/info\/wp-json\/wp\/v2\/posts\/4972\/revisions"}],"predecessor-version":[{"id":4973,"href":"https:\/\/dig-stuttgart.de\/info\/wp-json\/wp\/v2\/posts\/4972\/revisions\/4973"}],"wp:attachment":[{"href":"https:\/\/dig-stuttgart.de\/info\/wp-json\/wp\/v2\/media?parent=4972"}],"wp:term":[{"taxonomy":"category","embeddable":true,"href":"https:\/\/dig-stuttgart.de\/info\/wp-json\/wp\/v2\/categories?post=4972"},{"taxonomy":"post_tag","embeddable":true,"href":"https:\/\/dig-stuttgart.de\/info\/wp-json\/wp\/v2\/tags?post=4972"}],"curies":[{"name":"wp","href":"https:\/\/api.w.org\/{rel}","templated":true}]}}