{"id":4988,"date":"2020-07-03T17:24:23","date_gmt":"2020-07-03T17:24:23","guid":{"rendered":"http:\/\/dig-stuttgart.de\/info\/?p=4988"},"modified":"2020-06-27T14:11:31","modified_gmt":"2020-06-27T14:11:31","slug":"des-rencontres-au-bord-de-la-seine","status":"publish","type":"post","link":"https:\/\/dig-stuttgart.de\/info\/2020\/07\/03\/des-rencontres-au-bord-de-la-seine\/","title":{"rendered":"Des Rencontres Au Bord De La Seine"},"content":{"rendered":"<p>Cherche amie 40-50 ans pour sortie cinema rouen,maitrisant peinture huile,photographie. Notre priorit\u00e9 est de faire de notre \u00e9tablissement de retraite m\u00e9dicalis\u00e9, un v\u00e9ritable lieu de vie dynamique, propice \u00e0 une vie sociale riche. Option 1 Remplissez le formulaire et un conseiller prendra contact avec vous. Important : la pr\u00e9-inscription ne r\u00e9serve pas automatiquement votre place.Votre conseiller devra v\u00e9rifier la disponibilit\u00e9 et valider les conditions de votre voyage. Randonn\u00e9e dans de grandes \u00e9tendues de bois entrecoup\u00e9es damas rocheux comme le Rocher Canon, le Cuvier Chatillon et le Rocher Saint-Germain. Les abonn\u00e9s peuvent voir toutes les vid\u00e9os perso, les photos sexy publiques et les histoires \u00e9rotiques des membres! voil\u00e0 des milliers de bonnes raisons pour devenir membre privil\u00e9gi\u00e9. Les Rencontres nationales du tourisme fluvial : le salon daffaires de r\u00e9f\u00e9rence pour les acteurs de lam\u00e9nagement et du d\u00e9veloppement du tourisme fluvial. Cr\u00e9dit photo : VNF-Sylvain Cambon    pJour 2 : Remontez en selle pour suivre les routes des fruits et des chaumi\u00e8res, jusqursquo;au marais Vernier et une session drsquo;observation de la faune.p <img decoding=\"async\" src=\"http:\/\/compagniepourainsidire.org\/wp-content\/uploads\/2014\/12\/Sylviane-Fortuny-et-Philippe-Dorin-rencontre-bord-de-plateau-Saint-Denis-de-La-Reunion-2010-photo-Sebastien-Marchal-6c.jpg\" alt=\"des rencontres au bord de la seine\" align=\"left\"> Anim\u00e9 par : G\u00e9rard Clouet, Association Faune et Flore de lOrne Ce d\u00e9part nest pas achetable en ligne actuellement. <img decoding=\"async\" src=\"http:\/\/inconnuedelaseinetours.com\/wp-content\/uploads\/2018\/02\/IMG_7732-768x1152.jpg\" alt=\"des rencontres au bord de la seine\" align=\"left\"> EN REMONTANT LA SEINE, DE LESTUAIRE \u00c0 PARIS \u00c9clectic 1 concert-lecture avec 1 \u00e9crivain et 1 pianiste : Portraits <img decoding=\"async\" src=\"http:\/\/fr.1001mags.com\/images\/Couv\/7\/76SeineMaritime\/20\/13576-76SeineMaritime-20-Page-042.jpg\" alt=\"des rencontres au bord de la seine\" align=\"center\"> g\u00e9ologie, navigation, m\u00e9t\u00e9orologie, \u00e9nergie, etc.-BAFA-Base avec h\u00e9bergement \u00e0 bord durant le stage-11 au 18 avril 2020 LAS VEGAS-10 juin 2020-C\u00e9line Dion a annonc\u00e9 aujourdhui que son COURAGE WORLD TOUR est parti pour.. Beaucoup se rabattent sur la for\u00eat pr\u00e8s du cimeti\u00e8re de Caudebec-l\u00e8s-Elbeuf, au bord de la rue de la Commune Du pont Sully, en amont, au pont dI\u00e9na \u00e0 lOuest, les quais de Seine sont class\u00e9s Patrimoine mondial de lhumanit\u00e9 par lUnesco depuis 1991.-D\u00eener croisi\u00e8re saveurs : embarquement : 20h45. D\u00e9part : 21h15. Retour du bateau : 23h. 2h de travers\u00e9e. A partir de 90. Enfant : 35. Centre dEtudes et de Formation des Assistants Techniques du Commerce des Services et du Tourisme.<\/p>\n","protected":false},"excerpt":{"rendered":"<p>des rencontres au bord de la seine<\/p>\n","protected":false},"author":1,"featured_media":0,"comment_status":"closed","ping_status":"closed","sticky":false,"template":"","format":"standard","meta":{"footnotes":""},"categories":[1],"tags":[],"_links":{"self":[{"href":"https:\/\/dig-stuttgart.de\/info\/wp-json\/wp\/v2\/posts\/4988"}],"collection":[{"href":"https:\/\/dig-stuttgart.de\/info\/wp-json\/wp\/v2\/posts"}],"about":[{"href":"https:\/\/dig-stuttgart.de\/info\/wp-json\/wp\/v2\/types\/post"}],"author":[{"embeddable":true,"href":"https:\/\/dig-stuttgart.de\/info\/wp-json\/wp\/v2\/users\/1"}],"replies":[{"embeddable":true,"href":"https:\/\/dig-stuttgart.de\/info\/wp-json\/wp\/v2\/comments?post=4988"}],"version-history":[{"count":1,"href":"https:\/\/dig-stuttgart.de\/info\/wp-json\/wp\/v2\/posts\/4988\/revisions"}],"predecessor-version":[{"id":4989,"href":"https:\/\/dig-stuttgart.de\/info\/wp-json\/wp\/v2\/posts\/4988\/revisions\/4989"}],"wp:attachment":[{"href":"https:\/\/dig-stuttgart.de\/info\/wp-json\/wp\/v2\/media?parent=4988"}],"wp:term":[{"taxonomy":"category","embeddable":true,"href":"https:\/\/dig-stuttgart.de\/info\/wp-json\/wp\/v2\/categories?post=4988"},{"taxonomy":"post_tag","embeddable":true,"href":"https:\/\/dig-stuttgart.de\/info\/wp-json\/wp\/v2\/tags?post=4988"}],"curies":[{"name":"wp","href":"https:\/\/api.w.org\/{rel}","templated":true}]}}