{"id":5010,"date":"2020-07-03T07:57:50","date_gmt":"2020-07-03T07:57:50","guid":{"rendered":"http:\/\/dig-stuttgart.de\/info\/?p=5010"},"modified":"2020-06-27T14:23:34","modified_gmt":"2020-06-27T14:23:34","slug":"cafe-rencontre-montreal","status":"publish","type":"post","link":"https:\/\/dig-stuttgart.de\/info\/2020\/07\/03\/cafe-rencontre-montreal\/","title":{"rendered":"Caf\u00e9 Rencontre Montreal"},"content":{"rendered":"<p>Les Caf\u00e9s-rencontres ont \u00e9t\u00e9 mis en place pour r\u00e9pondre aux besoins des personnes victimes de harc\u00e8lement sexuel et psychologique afin quelles puissent se rencontrer et \u00e9changer sur leur v\u00e9cu. Avec Manuel, intervenant du Centre de p\u00e9diatrie sociale dHM AED et Mari\u00e8ve Lafortune Horaire La premi\u00e8re appli g\u00e9osociale destin\u00e9e sp\u00e9cialement \u00e0 lhomme gay. Enfin, petit conseil pour les non bilingues : la plupart des Meetups sont en anglais \u00e0 linscription mais tu d\u00e9couvriras que beaucoup de personnes parlent aussi en fran\u00e7ais dans les groupes et oui, ici cest Montr\u00e9al et quils aiment \u00e0 pratiquer leur fran\u00e7ais ;. Nous confrontons nos exp\u00e9riences de et nous nous apercevons quau-del\u00e0 du tagage SEO du texte, nos visions de la structure m\u00eame dun blogue sont radicalement oppos\u00e9e. Quand le journaliste pense strictement chronologie de l\u00e9v\u00e9nement, joppose ma d\u00e9marche purement lexicale lorsque joptimise les sites qui me sont confi\u00e9s.  La communaut\u00e9 de HEC Montr\u00e9al en a profit\u00e9 pour r\u00e9affirmer sa fiert\u00e9 de communiquer, d\u00e9tudier et de travailler en fran\u00e7ais en participant aux activit\u00e9s organis\u00e9es par le CFLA : Je re\u00e7ois encore au Paris beurre, le restaurant fran\u00e7ais pr\u00e9s de la station de m\u00e9tro Outremont Nous supprimons les messages qui ne respectent pas les r\u00e8gles dutilisation et nous nous r\u00e9servons le droit de supprimer tout message, quelle quen soit la raison. Je pense que les personnes r\u00e9fugi\u00e9es sont celles qui devraient en parler Selon elle, Montr\u00e9al, et particuli\u00e8rement le Plateau-Mont-Royal, manque de caf\u00e9s de la sorte: des endroits chaleureux o\u00f9 on se fait accueillir avec un sourire et o\u00f9 les patrons connaissent nos pr\u00e9noms. Palmar\u00e8s des petits caf\u00e9s et salons de th\u00e9 pour jaser Pur\u00e9e 1 th\u00e9orie: Gratuit! Les Mercredis le 12 f\u00e9vrier et 13 mai de 13h15 \u00e0 16h00  <img decoding=\"async\" src=\"http:\/\/www.delavisite.org\/wp-content\/uploads\/2016\/05\/DSC_0237_WEB.jpg\" alt=\"caf\u00e9 rencontre montreal\" align=\"left\"> This iframe contains the logic required to handle Ajax powered Gravity Forms. For preventative reasons and following the recommendations of the Minist\u00e8re de la Sant\u00e9 et des Services sociaux du Qu\u00e9bec, the decision has been taken by our management team to suspend all services requiring direct contact with our clients. Cette rencontre nous donnera lheure juste sur les comportements alimentaires des jeunes enfants app\u00e9tit, portion, le point de vue sur les friandises, les desserts, le jus, leau, le lait. Elle vous outillera pour mieux g\u00e9rer caprices et conflits \u00e0 table et former de bonnes habitudes alimentaires aupr\u00e8s de nos tout-petits. Je insiste un peu sur le tr\u00e8s mauvais choix du CSS qui porte leur site et qui sera un frein dans la visibilit\u00e9 du site quoi quils fassent. Adresse : 828 Rue Rachel E, Montr\u00e9al 9. Duc de Lorraine  Je le fais en me disant que cest la mort de ma fille qui me permet daider les autres. Et dans ce sens, la mort de ma fille naura pas \u00e9t\u00e9 inutile. Kit Racette Activit\u00e9 report\u00e9e au Dimanche 17 f\u00e9vrier de 14h-16, en cas de temp\u00eate de neige Laurence Bherer, professeure en science politique \u00e0 lUniversit\u00e9 de Montr\u00e9al <img decoding=\"async\" src=\"http:\/\/ville-emard.com\/rencontre%20des%20candidats-sept2018.jpg\" alt=\"caf\u00e9 rencontre montreal\" align=\"right\"> Situ\u00e9 dans l\u00e9difice de lInstitut de recherches cliniques de Montr\u00e9al IRCM <img decoding=\"async\" src=\"http:\/\/guiderestos.com\/gg-content\/uploads\/2016\/06\/p_tandem-4942;768x768.jpg\" alt=\"caf\u00e9 rencontre montreal\" align=\"center\">.<\/p>\n","protected":false},"excerpt":{"rendered":"<p>caf\u00e9 rencontre montreal<\/p>\n","protected":false},"author":1,"featured_media":0,"comment_status":"closed","ping_status":"closed","sticky":false,"template":"","format":"standard","meta":{"footnotes":""},"categories":[1],"tags":[],"_links":{"self":[{"href":"https:\/\/dig-stuttgart.de\/info\/wp-json\/wp\/v2\/posts\/5010"}],"collection":[{"href":"https:\/\/dig-stuttgart.de\/info\/wp-json\/wp\/v2\/posts"}],"about":[{"href":"https:\/\/dig-stuttgart.de\/info\/wp-json\/wp\/v2\/types\/post"}],"author":[{"embeddable":true,"href":"https:\/\/dig-stuttgart.de\/info\/wp-json\/wp\/v2\/users\/1"}],"replies":[{"embeddable":true,"href":"https:\/\/dig-stuttgart.de\/info\/wp-json\/wp\/v2\/comments?post=5010"}],"version-history":[{"count":1,"href":"https:\/\/dig-stuttgart.de\/info\/wp-json\/wp\/v2\/posts\/5010\/revisions"}],"predecessor-version":[{"id":5011,"href":"https:\/\/dig-stuttgart.de\/info\/wp-json\/wp\/v2\/posts\/5010\/revisions\/5011"}],"wp:attachment":[{"href":"https:\/\/dig-stuttgart.de\/info\/wp-json\/wp\/v2\/media?parent=5010"}],"wp:term":[{"taxonomy":"category","embeddable":true,"href":"https:\/\/dig-stuttgart.de\/info\/wp-json\/wp\/v2\/categories?post=5010"},{"taxonomy":"post_tag","embeddable":true,"href":"https:\/\/dig-stuttgart.de\/info\/wp-json\/wp\/v2\/tags?post=5010"}],"curies":[{"name":"wp","href":"https:\/\/api.w.org\/{rel}","templated":true}]}}