{"id":5012,"date":"2020-07-03T11:27:44","date_gmt":"2020-07-03T11:27:44","guid":{"rendered":"http:\/\/dig-stuttgart.de\/info\/?p=5012"},"modified":"2020-06-27T14:25:18","modified_gmt":"2020-06-27T14:25:18","slug":"rencontre-servon-sur-vilaine","status":"publish","type":"post","link":"https:\/\/dig-stuttgart.de\/info\/2020\/07\/03\/rencontre-servon-sur-vilaine\/","title":{"rendered":"Rencontre Servon Sur Vilaine"},"content":{"rendered":"<p> S\u00e9jour tr\u00e8s chaleureux dans la demeure de Stephane qui est tr\u00e8s accueillant et super arrangeant je recommande vivement! Flou : R\u00e9ponse juste au-dessus : les gens sont contents de voir quon peut faire vivre notre ville. Notre but premier est avant tout de faire plaisir aux gens, et notamment de faire bouger la p\u00e9riph\u00e9rie rennaise avec ces petites villes dont Servon sur Vilaine fait parti. Nous sommes heureux dorganiser ces soir\u00e9es, et encore plus si les gens sont r\u00e9ceptifs et appr\u00e9cient venir \u00e0 nos \u00e9v\u00e9nements. La domination du pavillon, d\u00e9voreur despace naturel, est de plus en plus remise en cause. <img decoding=\"async\" src=\"http:\/\/www.hywperiontravel.ga\/images\/no_photo_available_zoom.png\" alt=\"rencontre servon sur vilaine\" align=\"center\"> <img decoding=\"async\" src=\"http:\/\/www.strategy.footnotes.us\/wp-content\/uploads\/2018\/06\/Nutella-440x330.jpg\" alt=\"rencontre servon sur vilaine\" align=\"right\"> <img decoding=\"async\" src=\"http:\/\/motiveb.ga\/wp-content\/uploads\/macarondesrois4.jpg\" alt=\"rencontre servon sur vilaine\" align=\"center\"> fidelio.. Une renomm\u00e9e dans la rencontre s\u00e9rieuse depuis 40 ans! D\u00e9tails Date : 30 avril 2017 Cat\u00e9gorie d\u00c9v\u00e8nement: \u00c9tiquettes \u00c9v\u00e8nement :,,,,,,,,,,,,, Site Web : En 2017, la commune comptait 3 676 habitants, en augmentation de 4,02 par rapport \u00e0 2012 : 5,19, hors : 2,36. Num\u00e9ro 1 de lanimalerie en France, Maxi Zoo est le sp\u00e9cialiste de lalimentation et des accessoires pour animaux, avec plus de 7200 produits Formations inter-entreprise 100 en ligne : RSE et march\u00e9s publics Bient\u00f4t les \u00e9lections, ce num\u00e9ro vous explique que ce sont les \u00e9lections municipales et aussi les communautaires. RPL35, habite \u00e0 16 km de Servon-sur-Vilaine 35530  de 13 000 recruteurs cherchent le candidat id\u00e9al, faites-vous remarquer!  Cloudflare Ray ID: 5a25c839aaafdfdf Your IP: 94.78.221.108 Performance security by Jaime la vie et je suis quelquun de c\u00e9r\u00e9bral, gentil, vrai, curieux, jaime la nature, les animaux, tous les plaisirs simples de la vie en fait..-Cheveux : Brun-173 cm-Statut civil: C\u00e9libataire Pr\u00e9sentation des produits Body Nature \u00e0 travers les gammes entretien, cosm\u00e9tique et bien-\u00eatre. By continuing your visit to this site, you accept the use of cookies to offer you content and services tailored to your interests. SALLE DES SPORTS Rue Pasteur 35530 SERVON-SUR-VILAINE S\u00e9ance photos grande famille vitr\u00e9 Les s\u00e9ances grandes familles cest loccasion de faire des photos de toutes les g\u00e9n\u00e9rations, pour toutes les g\u00e9n\u00e9rations : Des photos classique, des contemporaines, des Vous avez besoin de contacter ErDF maintenant Enedis \u00e0 Servon-Sur-Vilaine? Vous pouvez joindre son service client au 09 72 67 50 35 pour tout d\u00e9pannage. Pour obtenir un devis de raccordement ErDF, demandez votre raccordement au r\u00e9seau d\u00e9lectricit\u00e9 de Servon-Sur-Vilaine sur le portail de raccordement \u00e0 ladresse suivante : https:connect-racco.enedis.fr.<\/p>\n","protected":false},"excerpt":{"rendered":"<p>rencontre servon sur vilaine<\/p>\n","protected":false},"author":1,"featured_media":0,"comment_status":"closed","ping_status":"closed","sticky":false,"template":"","format":"standard","meta":{"footnotes":""},"categories":[1],"tags":[],"_links":{"self":[{"href":"https:\/\/dig-stuttgart.de\/info\/wp-json\/wp\/v2\/posts\/5012"}],"collection":[{"href":"https:\/\/dig-stuttgart.de\/info\/wp-json\/wp\/v2\/posts"}],"about":[{"href":"https:\/\/dig-stuttgart.de\/info\/wp-json\/wp\/v2\/types\/post"}],"author":[{"embeddable":true,"href":"https:\/\/dig-stuttgart.de\/info\/wp-json\/wp\/v2\/users\/1"}],"replies":[{"embeddable":true,"href":"https:\/\/dig-stuttgart.de\/info\/wp-json\/wp\/v2\/comments?post=5012"}],"version-history":[{"count":1,"href":"https:\/\/dig-stuttgart.de\/info\/wp-json\/wp\/v2\/posts\/5012\/revisions"}],"predecessor-version":[{"id":5013,"href":"https:\/\/dig-stuttgart.de\/info\/wp-json\/wp\/v2\/posts\/5012\/revisions\/5013"}],"wp:attachment":[{"href":"https:\/\/dig-stuttgart.de\/info\/wp-json\/wp\/v2\/media?parent=5012"}],"wp:term":[{"taxonomy":"category","embeddable":true,"href":"https:\/\/dig-stuttgart.de\/info\/wp-json\/wp\/v2\/categories?post=5012"},{"taxonomy":"post_tag","embeddable":true,"href":"https:\/\/dig-stuttgart.de\/info\/wp-json\/wp\/v2\/tags?post=5012"}],"curies":[{"name":"wp","href":"https:\/\/api.w.org\/{rel}","templated":true}]}}