{"id":5022,"date":"2020-07-03T12:17:15","date_gmt":"2020-07-03T12:17:15","guid":{"rendered":"http:\/\/dig-stuttgart.de\/info\/?p=5022"},"modified":"2020-06-27T14:28:12","modified_gmt":"2020-06-27T14:28:12","slug":"blog-de-rencontre-avec-les-stars","status":"publish","type":"post","link":"https:\/\/dig-stuttgart.de\/info\/2020\/07\/03\/blog-de-rencontre-avec-les-stars\/","title":{"rendered":"Blog De Rencontre Avec Les Stars"},"content":{"rendered":"<p>Un troisi\u00e8me tome encore plus passionnant que les pr\u00e9c\u00e9dents \u00e0 mes yeux, qui entrem\u00eale lhistoire de Star et celle de son anc\u00eatre, Flora MacNichol. Deux femmes, deux \u00e9poques et pourtant tant de similitudes : une passion pour la botanique, une envie de s\u00e9panouir et s\u00e9manciper. Jai eu un v\u00e9ritable coup de c\u0153ur pour ces deux femmes! Voici les r\u00e9sultats de cette journ\u00e9e de reprise de championnat par \u00e9quipes : D\u00e9couvrez le r\u00e9capitulatif des Stars fran\u00e7aises ou Internationales en visite \u00e0 Paris pour une rencontre, une avant premi\u00e8re ou une s\u00e9ance de d\u00e9dicace. V\u00e9rifiez avant de vous d\u00e9placer! Une v\u00e9ritable star ne cherche pas syst\u00e9matiquement \u00e0 le devenir. Elle se fait rep\u00e9r\u00e9e pour son travail, sa qualit\u00e9 de prestation etc et le reste fait son chemin. <img decoding=\"async\" src=\"http:\/\/www.mzandrehe.gq\/wp-content\/gallery\/la-plus-grande-oeuvre-street-art\/07.jpg\" alt=\"blog de rencontre avec les stars\" align=\"center\"> Je passe une d\u00e9dicace \u00e0 qui est super sympa, \u00e0 pour lenvironnement et \u00e0 qui est superbe! Sinon jai plein de personnes que jadore, mais \u00e7a ferais beaucoup trop! Sinon, merci Skyrock et \u00e0 tr\u00e8s bient\u00f4t sur, BLOG ORIGINAL POUR SKYROCKNAUTES DEXCEPTION! Venu avec sa fille et son fils, le vice-pr\u00e9sident des Winners, Rachid Zeroual est heureux. Les quartiers populaires soutiennent lOM. Cest aux Marseillais, que le club appartient en premier. Cest normal que les joueurs viennent \u00e0 eux. Et linstant est dautant plus pr\u00e9cieux que le titre est enfin \u00e0 port\u00e9e de main. Zeroual fait la moue. Moi, je suis n\u00e9 supporteur et cr\u00e8verai supporteur. Cela fait 17 ans que lon attend un titre. On nest jamais s\u00fbr de rien, surtout avec ce qui se passe en ce moment. Allusion voil\u00e9e au prochain d\u00e9part de Gerets, aux rumeurs concernant l\u00e9viction de Pape Diouf, bref, \u00e0 lhabituelle salade olympienne Adaptez votre histoire \u00e0 cette structure de storytelling Le th\u00e9\u00e2tre de cette interaction? Un parcours de golf, \u00e9videmment. Etude de la morphologie de la colorim\u00e9trie et du style  Publi\u00e9 dans Commentaires ferm\u00e9s sur Jeudi 28 mai 2020 Plan de travail CM2 Suivez votre c\u00e9l\u00e9brit\u00e9 sur Instagram. Les photos publi\u00e9es par les c\u00e9l\u00e9brit\u00e9s peuvent donner des indices sur les endroits quelles fr\u00e9quentent. Regardez larri\u00e8re-plan des photos et faites attention aux noms des rues, aux noms des magasins et \u00e0 dautres d\u00e9tails sur leurs emplacements. Publi\u00e9 dans Commentaires ferm\u00e9s sur Mercredi 3 juin 2020 Plan de travail CM2 Depuis quand pratiquez-vous le yoga? Comment lavez-vous connu? <img decoding=\"async\" src=\"http:\/\/static1.purepeople.com\/articles\/9\/11\/98\/49\/@\/1112956-exclusif-prix-special-will-i-am-675x0-1.jpg\" alt=\"blog de rencontre avec les stars\" align=\"center\"> Vous ignorez leurs noms et leurs visages. Pourtant, ils r\u00e8gnent sur internet et influent sur votre quotidien. Les voici. Apr\u00e8s le remarqu\u00e9 Cubafon\u00eda, Daym\u00e9 Arocena, la p\u00e9pite cubaine du label Brownswood, publie Sonocardiogram, un album dans lequel elle se livre sans filtre. Un grand merci au Mus\u00e9e Gr\u00e9vin pour linvitation entr\u00e9es offertes Je les fais tout seul avec des logiciels gratuits : Photoscape, Photofiltre, Unfreez, Photo impact et Gimp pour mon avatar!  Quel plaisir aussi de reconna\u00eetre les chanteurs, quils soient contemporains comme Ma\u00eetre Gimms ou Kendji Girac, ou plus anciens comme Johnny Hallyday ou Louis Armstrong! En pleine guerre du Vietnam et de mouvement pour les droits civiques, Stevie WONDER a repris, le 4 mai 1966, la chanson de Bob DYLAN, Blowing in the Wind ; cest un combat politique et social, pour la paix Sans la paix, il ny a pas damour, et lamour est le sommet de la paix dit-il. Cest un e puissant hymne \u00e0 la paix et \u00e0 l\u00e9galit\u00e9 : Combien de routes un homme doit-il emprunter, avant de lappeler un homme? Combien de mers la colombe blanche doit-elle naviguer, avant de dormir dans le sable? Combien de fois les boulets de canon doivent voler, Avant quils ne soient \u00e0 jamais bannis? Combien dann\u00e9es doivent exister certaines personnes, avant d\u00eatre autoris\u00e9 e s \u00e0 \u00eatre libres? Combien doreilles doit avoir une personne, avant dentendre les gens pleurer? Et combien de morts cela prendra-t-il jusqu\u00e0 ce quil sache, que trop de gens sont morts? chante-t-il.  <img decoding=\"async\" src=\"http:\/\/static1.beaute.fr\/articles\/5\/10\/43\/5\/@\/27475-helene-legastelois-a-lance-mon-blog-de-article_full-2.jpg\" alt=\"blog de rencontre avec les stars\" align=\"right\"> En 2001, Sylvain Siclier se demandait : Et si le futur du jazz sappelait noJazz? Avec Soul Stimulation, le groupe d\u00e9lectro-jazz op\u00e8re un virage vers la soul des ann\u00e9es 80. Le jazz et la salsa vous invite au concert que noJazz a donn\u00e9 lautomne dernier au R\u00e9servoir. Il y en auras qui trouverons ca farfelu de faire ca, dautres qui trouveront ca irrespectueux envers lartiste! mais moi bien au contraire je pense quun artiste ne serait rien sans ces fans! deja dune il naurais plus de raison de continuer sans public mais aussi aucune motivation! La grande force de ce troisi\u00e8me tome, et \u00e0 mon sens encore davantage que les deux pr\u00e9c\u00e9dents, cest les personnages attachants, magnifiques, forts et diff\u00e9rents quon rencontre, que ce soit dans le pass\u00e9 ou dans le pr\u00e9sent. Ils ont su me toucher bien plus que ceux de Ma\u00efa ou encore de La s\u0153ur de la temp\u00eate. Une nouvelle fois, le style de lauteure ma charm\u00e9e. On sent derri\u00e8re chaque ligne un travail de recherche cons\u00e9quent, rendant compte dun r\u00e9cit captivant, dune ambiance particuli\u00e8re. Cest un roman plein d\u00e9motions, qui est un v\u00e9ritable coup de c\u0153ur tant jai appr\u00e9ci\u00e9 suivre Star et Flora, dans leurs \u00e9volutions et leurs cheminements personnels. Cest lune des grandes satisfactions de la saison du Biarritz Olympique. Ce le sera peut-\u00eatre aussi lann\u00e9e prochaine. En fin de contrat, Lucas Peyresblanques vient de prolonger son bail de trois saisons, a annonc\u00e9 le club basque, sixi\u00e8me du dernier exercice de Pro D2. Le talonneur de 22 ans est d\u00e9sormais li\u00e9 au BO jusquen 2023.<\/p>\n","protected":false},"excerpt":{"rendered":"<p>blog de rencontre avec les stars<\/p>\n","protected":false},"author":1,"featured_media":0,"comment_status":"closed","ping_status":"closed","sticky":false,"template":"","format":"standard","meta":{"footnotes":""},"categories":[1],"tags":[],"_links":{"self":[{"href":"https:\/\/dig-stuttgart.de\/info\/wp-json\/wp\/v2\/posts\/5022"}],"collection":[{"href":"https:\/\/dig-stuttgart.de\/info\/wp-json\/wp\/v2\/posts"}],"about":[{"href":"https:\/\/dig-stuttgart.de\/info\/wp-json\/wp\/v2\/types\/post"}],"author":[{"embeddable":true,"href":"https:\/\/dig-stuttgart.de\/info\/wp-json\/wp\/v2\/users\/1"}],"replies":[{"embeddable":true,"href":"https:\/\/dig-stuttgart.de\/info\/wp-json\/wp\/v2\/comments?post=5022"}],"version-history":[{"count":1,"href":"https:\/\/dig-stuttgart.de\/info\/wp-json\/wp\/v2\/posts\/5022\/revisions"}],"predecessor-version":[{"id":5023,"href":"https:\/\/dig-stuttgart.de\/info\/wp-json\/wp\/v2\/posts\/5022\/revisions\/5023"}],"wp:attachment":[{"href":"https:\/\/dig-stuttgart.de\/info\/wp-json\/wp\/v2\/media?parent=5022"}],"wp:term":[{"taxonomy":"category","embeddable":true,"href":"https:\/\/dig-stuttgart.de\/info\/wp-json\/wp\/v2\/categories?post=5022"},{"taxonomy":"post_tag","embeddable":true,"href":"https:\/\/dig-stuttgart.de\/info\/wp-json\/wp\/v2\/tags?post=5022"}],"curies":[{"name":"wp","href":"https:\/\/api.w.org\/{rel}","templated":true}]}}