{"id":5056,"date":"2020-07-03T19:42:00","date_gmt":"2020-07-03T19:42:00","guid":{"rendered":"http:\/\/dig-stuttgart.de\/info\/?p=5056"},"modified":"2020-06-27T14:51:39","modified_gmt":"2020-06-27T14:51:39","slug":"benin-rencontre","status":"publish","type":"post","link":"https:\/\/dig-stuttgart.de\/info\/2020\/07\/03\/benin-rencontre\/","title":{"rendered":"Benin Rencontre"},"content":{"rendered":"<p>Il y a maintenant la derni\u00e8re cat\u00e9gorie de personnes quil ne faut pas exclure qui ne sentent rien et qui sont porteuses du virus parce quelles auraient certainement et sans le savoir \u00e9t\u00e9 en contact avec une ou plusieurs personnes contamin\u00e9es. Publi\u00e9 le : 20112019-18:35 Modifi\u00e9 le : 21112019-11:13 Peut-on attraper la maladie par contact avec leau? Soyez foudingues, abonnez-vous \u00e0 notre newsletter!  Co-fondateur et CEO de Blackfoot, Epitech promo 2016 Certains parmi vous ont d\u00e9j\u00e0 fait leur premi\u00e8re communion, dautres sy pr\u00e9parent. Le jour de ma premi\u00e8re communion a \u00e9t\u00e9 lun des plus beaux jours de ma vie. Pour vous aussi, nest-ce pas? Et pourquoi cela? Ce nest pas seulement \u00e0 cause des beaux v\u00eatements ou des cadeaux ou m\u00eame des repas de f\u00eate! Cest surtout parce que, ce jour-l\u00e0, nous recevons J\u00e9sus-Christ pour la premi\u00e8re fois. Quand je communie, J\u00e9sus vient habiter en moi. Je dois laccueillir avec amour et l\u00e9couter attentivement. Au fond de mon c\u0153ur, je peux lui dire par exemple : J\u00e9sus, je sais que tu maimes. Donne-moi ton amour pour que je taime et que jaime les autres avec ton amour. Je te confie mes joies, mes peines et mon avenir. Nh\u00e9sitez pas, chers enfants, \u00e0 parler de J\u00e9sus aux autres. Il est un tr\u00e9sor quil faut savoir partager avec g\u00e9n\u00e9rosit\u00e9. Dans lhistoire de l\u00c9glise, lamour de J\u00e9sus a rempli de courage et de force tant de chr\u00e9tiens et m\u00eame des enfants comme vous! Ainsi, saint Kizito, un gar\u00e7on ougandais, a \u00e9t\u00e9 mis \u00e0 mort parce quil voulait vivre selon le bapt\u00eame quil venait de recevoir. Kizito priait. Il avait compris que Dieu est non seulement important, mais quil est tout Non. Lhuile de s\u00e9same ne tue pas le nouveau coronavirus. Il existe des d\u00e9sinfectants chimiques qui peuvent tuer le Covid-19 sur les surfaces. Il sagit notamment de d\u00e9sinfectants \u00e0 base deau de Javel ou de chlore, de solvants, d\u00e9thanol \u00e0 75, dacide perac\u00e9tique et de chloroforme. \u00c9viter les rassemblements, limiter les d\u00e9placements et les contacts Ce sur quoi nous devons nous am\u00e9liorer? Apporter encore plus d activit\u00e9! Nous ferons de notre mieux, m\u00eame en temps de crise et face \u00e0 des g\u00e9ants de lindustrie cosm\u00e9tique adeptes d\u00e9thique-washing, voire d\u00e9thique-surfing aux tarifs d\u00e9fiant toute concurrence, utilisant limage du petit producteur pour vendre, sans r\u00e9el engagement durable sur le terrain. <img decoding=\"async\" src=\"http:\/\/beninmedias.info\/upload\/media\/posts\/2018-03\/06\/rencontre-talon-macron-275-millions-deuros-de-la-france-pour-accompagner-le-benin-dans-cinq-secteurs_1520326911-b.jpg\" alt=\"benin rencontre\" align=\"center\">  Par ailleurs, les gants donnent un faux sentiment de s\u00e9curit\u00e9, les \u00e9tudes montrent que les porteurs de gants se touchent bien plus souvent le visage, et risquent de plus se contaminer. Blasting SA, IDI CHE-247.845.224, Via Carlo Frasca, 3-6900 Lugano Suisse Pour r\u00e9aliser un auto-isolement bien r\u00e9ussi, il faut disposer de : <img decoding=\"async\" src=\"http:\/\/www.celibatairesduweb.com\/img\/GrandFormat\/cotonou-rencontre_en_ligne-180399_v=1_1_v=14.jpg\" alt=\"benin rencontre\" align=\"left\"> D\u00e8s les fonds r\u00e9colt\u00e9s via une vente de chaussettes, un crowdfunding de CAP48 fructueux, m\u00eame si parfois controvers\u00e9, et un subventionnement du Bureau International Jeunesse et notre foi en lhumanit\u00e9 retrouv\u00e9e-ou confirm\u00e9e, selon les points de vue-nous voici donc en route vers Carrefour Jeunesse, \u00e0 Com\u00e9, au B\u00e9nin. Ce centre met en place des \u00e9changes interculturels entre jeunes Belges et B\u00e9ninois. Il les a invit\u00e9 \u00e0 prendre connaissance de la convention cadre relative \u00e0 la mise en place du partenariat entre lEtat et les communes du Grand Nokou\u00e9, \u00e0 y apporter leurs amendements afin que ladite convention soit sign\u00e9e rapidement pour le bonheur des populations. Notre action : lutter contre la faim et la malnutrition par des projets d\u00e9levages en Afrique de lOuest Togo, B\u00e9nin, Burkina Faso et S\u00e9n\u00e9gal, au Maroc, en Ha\u00efti et en Europe de lEst. Aurelie Adam Soule Zoumarou, ministre de lEconomie num\u00e9rique et de la Communication du B\u00e9nin. <img decoding=\"async\" src=\"http:\/\/agribusinessdata.com\/wp-content\/uploads\/2018\/06\/Rencontre-scientifique.jpg\" alt=\"benin rencontre\" align=\"left\">  Au Burundi, le repr\u00e9sentant de lOMS sera expuls\u00e9 dici vendredi. Bujumbura accuse lOrganisation mondiale de la sant\u00e9 ding\u00e9rence dans sa gestion de la crise du coronavirus. Un ordre dexpulsion qui intervient en pleine campagne \u00e9lectorale alors quaucune mesure barri\u00e8re nest prise lors des meetings. Un triple scrutin, l\u00e9gislatif, communal et pr\u00e9sidentiel se tiendra le 20 mai prochain. Lhospitalit\u00e9 est un aspect essentiel du p\u00e8lerinage : les participants venant de lext\u00e9rieur sont accueillis par des paroisses et communaut\u00e9s locales dans des conditions dh\u00e9bergement simples. Pour soutenir notre association daide \u00e0 lenfance nh\u00e9sitez pas \u00e0 faire un don \u00e0 notre fondation. Apprentis dauteuil fondation protection de lenfance. Je suis un jeune homme sympa disponible pour faire une relat.. Ecole Informatique Epitech-La r\u00e9f\u00e9rence de lexpertise informatique.<\/p>\n","protected":false},"excerpt":{"rendered":"<p>benin rencontre<\/p>\n","protected":false},"author":1,"featured_media":0,"comment_status":"closed","ping_status":"closed","sticky":false,"template":"","format":"standard","meta":{"footnotes":""},"categories":[1],"tags":[],"_links":{"self":[{"href":"https:\/\/dig-stuttgart.de\/info\/wp-json\/wp\/v2\/posts\/5056"}],"collection":[{"href":"https:\/\/dig-stuttgart.de\/info\/wp-json\/wp\/v2\/posts"}],"about":[{"href":"https:\/\/dig-stuttgart.de\/info\/wp-json\/wp\/v2\/types\/post"}],"author":[{"embeddable":true,"href":"https:\/\/dig-stuttgart.de\/info\/wp-json\/wp\/v2\/users\/1"}],"replies":[{"embeddable":true,"href":"https:\/\/dig-stuttgart.de\/info\/wp-json\/wp\/v2\/comments?post=5056"}],"version-history":[{"count":1,"href":"https:\/\/dig-stuttgart.de\/info\/wp-json\/wp\/v2\/posts\/5056\/revisions"}],"predecessor-version":[{"id":5057,"href":"https:\/\/dig-stuttgart.de\/info\/wp-json\/wp\/v2\/posts\/5056\/revisions\/5057"}],"wp:attachment":[{"href":"https:\/\/dig-stuttgart.de\/info\/wp-json\/wp\/v2\/media?parent=5056"}],"wp:term":[{"taxonomy":"category","embeddable":true,"href":"https:\/\/dig-stuttgart.de\/info\/wp-json\/wp\/v2\/categories?post=5056"},{"taxonomy":"post_tag","embeddable":true,"href":"https:\/\/dig-stuttgart.de\/info\/wp-json\/wp\/v2\/tags?post=5056"}],"curies":[{"name":"wp","href":"https:\/\/api.w.org\/{rel}","templated":true}]}}