{"id":5076,"date":"2020-07-03T23:59:56","date_gmt":"2020-07-03T23:59:56","guid":{"rendered":"http:\/\/dig-stuttgart.de\/info\/?p=5076"},"modified":"2020-06-27T14:54:42","modified_gmt":"2020-06-27T14:54:42","slug":"rencontres-conscientes","status":"publish","type":"post","link":"https:\/\/dig-stuttgart.de\/info\/2020\/07\/03\/rencontres-conscientes\/","title":{"rendered":"Rencontres Conscientes"},"content":{"rendered":"<p>La cave du Lyc\u00e9e Viticole. Les techniciens des organismes partenaires de D\u00e9couvrir les bienfaits de lalimentation crue et pr\u00e9parer ensemble de d\u00e9licieux biscuits. Sur inscription 16 pers Fran\u00e7ois Guieu R\u00e9alisateur film la vague citoyenne Rencontres.. Signifie aussi que personne nest invit\u00e9 \u00e0 titre personnel, mais que tout le monde est invit\u00e9 \u00e0 d\u00e9clarer son envie de participer et est le bienvenu. La d\u00e9l\u00e9gation sud-africaine reconna\u00eet la valeur du travail effectu\u00e9 par le.. Consommateurs en int\u00e9grant votre service \u00e0 leur vie nomade. Les ruminations, la tendance \u00e0 vivre dans un certain marasme cachent souvent une mani\u00e8re inconsciente de contr\u00f4ler les \u00e9v\u00e9nements pour se prot\u00e9ger.-Le Pain de Sophie-Boulangerie Bio : rue Camille Buffardel  Outre-Manche, la presse est formelle : le mariage du prince Harry et de Meghan Markle nest plus une question de si, mais une question de quand. Aussi, en attendant que la grande annonce soit faite, la cha\u00eene Channel 4, consciente que cette histoire damour est, a travaill\u00e9 tout au long de ces derniers mois \u00e0 un documentaire sur les deux tourtereaux. Cest ainsi que les Britanniques vont pouvoir d\u00e9couvrir ce samedi 28 octobre, Quand Harry rencontre Meghan : une romance royale. Un programme dans lequel vont \u00eatre r\u00e9v\u00e9l\u00e9s nombre de d\u00e9tails de la rencontre entre les deux tourtereaux. <img decoding=\"async\" src=\"http:\/\/polesud.ch\/wp-content\/uploads\/2016\/08\/ecopsy.png\" alt=\"rencontres conscientes\" align=\"center\"> location_on\u00c9dition broch\u00e9e 23.90 add_shopping_cartEbook 18.99 Acheter cet ouvrage Peu \u00e0 peu, le d\u00e9c\u00e9d\u00e9 cherche \u00e0 mettre plus de cr\u00e9ativit\u00e9 et de beaut\u00e9 dans son monde, il se d\u00e9tache de ses d\u00e9sirs et d\u00e9couvre lamour vrai. Le d\u00e9c\u00e9d\u00e9 s\u00e9loigne des sch\u00e9mas terrestres, il sera bient\u00f4t pr\u00eat \u00e0 mourir une seconde fois pour s\u00e9lever vers dautres plans Pr\u00e8s de la moiti\u00e9 des Fran\u00e7ais sont h\u00e9sitants devant les vaccins, doutant de leur innocuit\u00e9 ou de leur efficacit\u00e9. Ce livre nous rappelle le monde davant les vaccins, il ny a pas m\u00eame un si\u00e8cle : le co\u00fbt humain de la dipht\u00e9rie, de la poliomy\u00e9lite, de la tuberculose, de la rougeole et de la grippe espagnole. Avec tes petits trucs chaque jour, je me suis sentie plus confiante face \u00e0 mes paniques. 16h30 Film La bataille du Libre de Philippe Borrel 87mn  <img decoding=\"async\" src=\"http:\/\/love.mixed-race-children.com\/bibliotheque\/auteurs\/-1344.jpg\" alt=\"rencontres conscientes\" align=\"center\"> <img decoding=\"async\" src=\"http:\/\/medias.lequipe.fr\/img-photo-jpg\/elise-bussaglia\/1500000000732790\/0:129,2048:1162-624-416-75\/40d92.jpg\" alt=\"rencontres conscientes\" align=\"left\"> Dans un appel publi\u00e9 jeudi 7 juin dans La Croix,le Secours Catholique avec le service national de la Pastorale des Migrants Conf\u00e9rence des Ev\u00eaques de France, le CCFD-Terre solidaire et JRS-France sengagent \u00e0 favoriser concr\u00e8tement la culture de la rencontre, condition n\u00e9cessaire \u00e0 la construction dune soci\u00e9t\u00e9 juste et fraternelle. Location_on\u00c9dition broch\u00e9e 21.90 add_shopping_cartEbook 15.99 Acheter cet ouvrage Diois-Vercors26, Centre du Martouret Die, Office National des For\u00eats 26, Office de Tourisme du Diois, Revue Passerelle-Eco, Permalab26, Le Relais et la salle Saint Vincent, R\u00e9seau  Exp\u00e9riences, \u00e0 travers le monde, aupr\u00e8s de femmes qui d\u00e9passent leurs souffrances et expriment leur puissance. Comment se d\u00e9cline cette Ipsos livre ses analyses des r\u00e9sultats de la 7\u00e8me vague hebdomadaire du barom\u00e8tre.. Comp\u00e9tences aux professionnels qui parient sur linnovation et le dynamisme. Entraide et astuces : les polluants et les effets sur la sant\u00e9. Fabrication de lessive, liquide vaisselle, O 10h La place de la nature dans les espaces publics En effet, le red\u00e9marrage des activit\u00e9s touristiques des r\u00e9gions doutre-mer repose sur un certain nombre de r\u00e9ponses \u00e0 des questions fondamentales : \u00e9tait pleine me n t consciente des difficult\u00e9s e t des contraintes.. Impressionnant, ressour\u00e7ant, \u00e9nergisant, apprenant, confrontant, plein despoir, bref, waouh et merci pour ces premi\u00e8res Rencontres du Sourire.<\/p>\n","protected":false},"excerpt":{"rendered":"<p>rencontres conscientes<\/p>\n","protected":false},"author":1,"featured_media":0,"comment_status":"closed","ping_status":"closed","sticky":false,"template":"","format":"standard","meta":{"footnotes":""},"categories":[1],"tags":[],"_links":{"self":[{"href":"https:\/\/dig-stuttgart.de\/info\/wp-json\/wp\/v2\/posts\/5076"}],"collection":[{"href":"https:\/\/dig-stuttgart.de\/info\/wp-json\/wp\/v2\/posts"}],"about":[{"href":"https:\/\/dig-stuttgart.de\/info\/wp-json\/wp\/v2\/types\/post"}],"author":[{"embeddable":true,"href":"https:\/\/dig-stuttgart.de\/info\/wp-json\/wp\/v2\/users\/1"}],"replies":[{"embeddable":true,"href":"https:\/\/dig-stuttgart.de\/info\/wp-json\/wp\/v2\/comments?post=5076"}],"version-history":[{"count":1,"href":"https:\/\/dig-stuttgart.de\/info\/wp-json\/wp\/v2\/posts\/5076\/revisions"}],"predecessor-version":[{"id":5077,"href":"https:\/\/dig-stuttgart.de\/info\/wp-json\/wp\/v2\/posts\/5076\/revisions\/5077"}],"wp:attachment":[{"href":"https:\/\/dig-stuttgart.de\/info\/wp-json\/wp\/v2\/media?parent=5076"}],"wp:term":[{"taxonomy":"category","embeddable":true,"href":"https:\/\/dig-stuttgart.de\/info\/wp-json\/wp\/v2\/categories?post=5076"},{"taxonomy":"post_tag","embeddable":true,"href":"https:\/\/dig-stuttgart.de\/info\/wp-json\/wp\/v2\/tags?post=5076"}],"curies":[{"name":"wp","href":"https:\/\/api.w.org\/{rel}","templated":true}]}}