{"id":5080,"date":"2020-07-03T14:43:07","date_gmt":"2020-07-03T14:43:07","guid":{"rendered":"http:\/\/dig-stuttgart.de\/info\/?p=5080"},"modified":"2020-06-27T14:56:40","modified_gmt":"2020-06-27T14:56:40","slug":"rencontre-naturaliste-haute-loire","status":"publish","type":"post","link":"https:\/\/dig-stuttgart.de\/info\/2020\/07\/03\/rencontre-naturaliste-haute-loire\/","title":{"rendered":"Rencontre Naturaliste Haute Loire"},"content":{"rendered":"<p>Ce sont les techniciens de lONEMA, un organisme public charg\u00e9 de prot\u00e9ger et de surveiller les milieux aquatiques, qui sen chargent. Christine se prom\u00e8ne, cueille des fleurs sauvages et ensuite les cuisine Vraie gastronome, elle transmet aujourdhui ses connaissances des fleurs et ses savoir faire culinaires aux amateurs inscrits \u00e0 ses ateliers. Son mot dordre : lenthousiasme! Avant de trouver son confluent avec la Loire, la rivi\u00e8re Indre compte plus de moulins sur son cours. Richard Andr\u00e9,, Le Parc Naturel R\u00e9gional des Grands Causses, Parc naturel Grands Causses, Toutes les pr\u00e9cautions sanitaires sont prises, mais il est n\u00e9cessaire de prendre rendez-vous.  19Les \u00e9tudes men\u00e9es jusque-l\u00e0 se heurt\u00e8rent aux obstacles classiques quentra\u00eenent les exigences m\u00e9thodologiques de la dendrochronologie : contraintes pour la plupart num\u00e9riques et taxonomiques. De fait, des s\u00e9ries de cernes trop courtes 60 cernes se r\u00e9v\u00e8lent difficilement synchronisables car la probabilit\u00e9 de leur reproductibilit\u00e9 dans le temps sen trouve accrue. Un \u00e9chantillon de taille trop r\u00e9duite, non repr\u00e9sentatif, entra\u00eene une variance interindividuelle \u00e9lev\u00e9e au d\u00e9triment de la variance commune \u00e0 tous les \u00e9chantillons variabilit\u00e9 climatique interannuelle et r\u00e9duit la probabilit\u00e9 de datation, m\u00eame si des pirogues monoxyles ont pu \u00eatre dat\u00e9es par la dendrochronologie Gassmann et al 1996. Par ailleurs, certaines essences sav\u00e8rent inutilisables car l\u00e9paisseur de leurs cernes nest limit\u00e9e par aucun facteur ext\u00e9rieur : si les conditions ext\u00e9rieures satisfont toutes les exigences \u00e9cologiques de larbre, les cernes produisent des s\u00e9ries d\u00e9paisseur constante inaptes \u00e0 fournir des informations interannuelles Munaut 1979, p 65. De telles conditions sobservent sur des essences qui abondent sur des sols profonds, bien aliment\u00e9s en eau saules, peupliers, aulnes. Incapables de livrer des renseignements chronologiques, ces essences sont cependant en mesure de renseigner les pal\u00e9oenvironnements des sites arch\u00e9ologiques Billamboz 2010 et de d\u00e9crire les phases dexploitation foresti\u00e8re. Leur exploitation aide \u00e0 d\u00e9finir des p\u00e9riodes de stabilit\u00e9 ou de r\u00e9cession des terroirs agricoles bois blancs, arbres jeunes, rejets de souche et des p\u00e9riodes dexpansion spatiale des terroirs. N\u00e9anmoins, limmense majorit\u00e9 des \u00e9tudes traitait de bois dorigine locale : par exemple, les soci\u00e9t\u00e9s qui se s\u00e9dentaris\u00e8rent au bord des lacs circum-alpins, les charpentiers rh\u00e9nans, flamands ou bourguignons employ\u00e8rent des bois dorigine locale, le ch\u00eane \u00e9tant, de loin, lessence la plus employ\u00e9e et la plus rencontr\u00e9e sur les sites d\u00e9tude. Rares \u00e9taient les \u00e9tudes qui mirent en \u00e9vidence un transport du bois sur de longues distances, semblable \u00e0 limportation de bois de ch\u00eane des rives est de la mer Baltique vers lAngleterre et les Pays-Bas au xv e si\u00e8cle Baillie 1995. Cette balade sera non seulement loccasion de d\u00e9couvrir un \u00e9cosyst\u00e8me prosp\u00e8re autour de la Cent Fonts, mais aussi lopportunit\u00e9 de d\u00e9couvrir la nappe de Dijon Sud, ressource deau souterraine strat\u00e9gique qui donne naissance \u00e0 la Cent Fonts.  <img decoding=\"async\" src=\"http:\/\/www.spalar.tk\/4346-home_default\/assassin-s-creed.jpg\" alt=\"rencontre naturaliste haute loire\" align=\"left\">  <img decoding=\"async\" src=\"http:\/\/slideplayer.fr\/3\/1325054\/big_thumb.jpg\" alt=\"rencontre naturaliste haute loire\" align=\"right\"> 03-Allier, 15-Cantal, 43-Haute-Loire, 63-Puy de D\u00f4me, Rayonnement national <img decoding=\"async\" src=\"http:\/\/frane-auvergne-environnement.fr\/images\/imagearticle\/StandManif\/2015\/Jacquette\/DSC_0527.JPG\" alt=\"rencontre naturaliste haute loire\" align=\"left\"> Le mus\u00e9e de la Grande Guerre du Pays de Meaux rouvre ses portes samedi 13 juin. Des animations sont pr\u00e9vues toute la journ\u00e9e ainsi que de nouvelles r\u00e8gles comme le port du masque. 6Comme le souligne Baillie dans les pages r\u00e9serv\u00e9es \u00e0 lhistorique de la dendrochronologie de son ouvrage Tree ring dating and Archaeology 1982, p. 27, rien nest nouveau sous le soleil, et les avanc\u00e9es scientifiques surviennent dans la voie trac\u00e9e par des id\u00e9es formul\u00e9es auparavant, dans la foul\u00e9e de travaux pr\u00e9c\u00e9dents, et aussi derreurs ant\u00e9rieures. La premi\u00e8re r\u00e9f\u00e9rence \u00e0 la formation des cernes annuels appara\u00eet dans un texte de Th\u00e9ophraste Studhalter 1956. L\u00e9onard de Vinci avait constat\u00e9 le caract\u00e8re annuel des cernes et d\u00e9duit une relation entre l\u00e9paisseur des cernes et lhumidit\u00e9 disponible. Duhamel du Monceau et Buffon avaient entrevu linterdatation : en 1737, Buffon r\u00e9alisait que tous les arbres coup\u00e9s cette ann\u00e9e-l\u00e0 pr\u00e9sentaient, 29 cernes avant l\u00e9corce, un traumatisme anatomique semblable \u00e0 ce qui fut appel\u00e9, bien plus tard, un cerne de gel\u00e9e Kaennel, Schweingruber 1995. Dautres naturalistes confirm\u00e8rent cette observation, et il fut \u00e9tabli que cette anomalie constituait un bon marqueur du cerne form\u00e9 lors de lann\u00e9e 1709 Studhalter 1956. Linterdatation \u00e9tablie sur les variations relatives des \u00e9paisseurs des cernes fut l\u0153uvre de Twinning en 1827 puis de Babbage, visionnaire de linformatique moderne, en 1838 Fritts 1976. Tous ces scientifiques demeurent cependant des pr\u00e9curseurs car cest \u00e0 Douglass, reconnu comme le p\u00e8re indiscut\u00e9 de la dendrochronologie Schweingruber 1988, que revient le m\u00e9rite de d\u00e9finir le r\u00f4le cl\u00e9 de linterdatation pour attribuer \u00e0 chaque cerne lann\u00e9e exacte de sa formation, consid\u00e9rer le cerne comme un enregistreur des conditions environnementales auxquelles larbre est expos\u00e9, et \u00e9tablir les principes de la dendrochronologie Fig. 3 : Section transversale dun bois gorg\u00e9 deau sapin rafra\u00eechie \u00e0 la lame de rasoir provenant de l\u00e9pave romaine Arles-Rh\u00f4ne 3 Moins doiseaux communs: la Haute-Loire nest pas \u00e9pargn\u00e9e 9 juin 2018 : Participation au du CPIE Clermont-D\u00f4mes au Domaine Royal de Randan La p\u00e9riode de confinement g\u00e9n\u00e9ralis\u00e9e touche \u00e0 sa fin. Sauf avis contraire des autorit\u00e9s, le d\u00e9confinement commencera lundi 11 mai. Ce sera un soulagement pour tous, m\u00eame si des mesures de protection resteront n\u00e9cessaires jusqu\u00e0 ce que des traitements ou mieux des vaccins soient mis au point. Vous \u00eates ici : 1 2 Le Crieur des tourbi\u00e8res termine sa tourn\u00e9e dans la Loire 42 La R\u00e9gion Centre-Val de Loire La R\u00e9gion Centre-Val de Loire poursuit la mise en \u0153uvre de mesures davenir pour relever les d\u00e9fis dun nouveau d\u00e9veloppement \u00e9conomique, social et environnemental. Lactivit\u00e9 et lemploi, la protection de notre environnement, la solidarit\u00e9 entre les g\u00e9n\u00e9rations et entre les territoires sont au c\u0153ur de notre action.<\/p>\n","protected":false},"excerpt":{"rendered":"<p>rencontre naturaliste haute loire<\/p>\n","protected":false},"author":1,"featured_media":0,"comment_status":"closed","ping_status":"closed","sticky":false,"template":"","format":"standard","meta":{"footnotes":""},"categories":[1],"tags":[],"_links":{"self":[{"href":"https:\/\/dig-stuttgart.de\/info\/wp-json\/wp\/v2\/posts\/5080"}],"collection":[{"href":"https:\/\/dig-stuttgart.de\/info\/wp-json\/wp\/v2\/posts"}],"about":[{"href":"https:\/\/dig-stuttgart.de\/info\/wp-json\/wp\/v2\/types\/post"}],"author":[{"embeddable":true,"href":"https:\/\/dig-stuttgart.de\/info\/wp-json\/wp\/v2\/users\/1"}],"replies":[{"embeddable":true,"href":"https:\/\/dig-stuttgart.de\/info\/wp-json\/wp\/v2\/comments?post=5080"}],"version-history":[{"count":1,"href":"https:\/\/dig-stuttgart.de\/info\/wp-json\/wp\/v2\/posts\/5080\/revisions"}],"predecessor-version":[{"id":5081,"href":"https:\/\/dig-stuttgart.de\/info\/wp-json\/wp\/v2\/posts\/5080\/revisions\/5081"}],"wp:attachment":[{"href":"https:\/\/dig-stuttgart.de\/info\/wp-json\/wp\/v2\/media?parent=5080"}],"wp:term":[{"taxonomy":"category","embeddable":true,"href":"https:\/\/dig-stuttgart.de\/info\/wp-json\/wp\/v2\/categories?post=5080"},{"taxonomy":"post_tag","embeddable":true,"href":"https:\/\/dig-stuttgart.de\/info\/wp-json\/wp\/v2\/tags?post=5080"}],"curies":[{"name":"wp","href":"https:\/\/api.w.org\/{rel}","templated":true}]}}