{"id":5090,"date":"2020-07-03T15:00:10","date_gmt":"2020-07-03T15:00:10","guid":{"rendered":"http:\/\/dig-stuttgart.de\/info\/?p=5090"},"modified":"2020-06-27T15:04:20","modified_gmt":"2020-06-27T15:04:20","slug":"rencontre-thonon-les-bains","status":"publish","type":"post","link":"https:\/\/dig-stuttgart.de\/info\/2020\/07\/03\/rencontre-thonon-les-bains\/","title":{"rendered":"Rencontre Thonon Les Bains"},"content":{"rendered":"<p>Vous aimez vous sentir belle et bien dans votre peau quel que soit le moment du jour ou de la nuit, et cest bien normal. Cest pourquoi nous avons souhait\u00e9 vous proposer plusieurs collections de lingerie vari\u00e9es et adapt\u00e9es aux diff\u00e9rents moments de la vie. Des premiers soutiens-gorge ampliformes ou triangles, aux plus g\u00e9n\u00e9reux mod\u00e8les embo\u00eetants ou corbeilles, sans oublier les pratiques mais n\u00e9anmoins d\u00e9licats shorties ainsi que les strings plus l\u00e9gers, les pi\u00e8ces indispensables de votre lingerie vous attendent toutes sur rougegorge.com et en magasins. Depuis plus de 4 ans que suis sur annecy et pour trouver une copine cest vraiment dur,je cherche des rencontres avec femmes pour pouvoir sortir faire du schopping et discuter. Bonjour nous Recherchons une femme open pour rencontre discrete et torride avec jeune couple en haute savoie. Nous sommes sympatiques, ouverts et experiment\u00e9s. <img decoding=\"async\" src=\"http:\/\/www.fidelio74.fr\/img\/le-dauphine-libere.jpg\" alt=\"rencontre thonon les bains\" align=\"left\">  <img decoding=\"async\" src=\"http:\/\/www.hautesavoiephotos.com\/villages\/thonon-les-bains_cp3565.jpg\" alt=\"rencontre thonon les bains\" align=\"right\"> <img decoding=\"async\" src=\"http:\/\/www.mypluembers.cf\/gas\/images\/products_pictures\/grande\/SUPABA-V1_TG.jpg\" alt=\"rencontre thonon les bains\" align=\"left\"> A la retraite depuis un an, jaimerais rencontrer des amis es,afin de partager des moments agr\u00e9ables et conviviaux. Jai 32 ans 1. 67 kg. Normal,Imberbe,Origines europ\u00e9ennes.Style : classique. Cheveux :noirs. Yeux : Marrons. Piercings :non Parle : Fran\u00e7ais Alcool : rarement.Qualit\u00e9s:Calme, gentil, calin, cuisiner.D\u00e9fauts:Toujours en train de r\u00e9fl\u00e9chir \u00e0 ce qui va se passer plus tard, pessimiste, manquant de confiance et donc un peu susceptible. Jaloux.Jaime Les gros grains de sucre sur les brioches, marcher sous la pluie, prendre une douche chaude quand jai froid, me mettre sur mon lit.contacte moi par email:favrotedvige12outlook.fr Donnez votre avis sur ce professionnel, partagez votre exp\u00e9rience, indiquez les nouveaux horaires.. Allez dans le menu Outils du navigateur puis s\u00e9lectionnez le menu Options  Si vous connaissez les heures douverture et de fermeture du lieu :-Cheveux : Blond-160 cm-Statut civil: C\u00e9libataire-Silhouette : Moyen Excellent accueil, personnel vraiment tres agreable et de bon conseil, prise rendez-vous assez rapide. Vraiment je conseil! Sondage effectu\u00e9 aupr\u00e8s de notre client\u00e8le sur les r\u00e9seaux sociaux le 14 d\u00e9cembre 2019 sur 748 r\u00e9pondants.  bjr me presente roro ;envie de faire de simple connaissances a vous de voir en tt amiti\u00e9 voil\u00e0,pas tr\u00e8s dou\u00e9 pour r\u00e9diger lol avis aux gens bonnes route ; Randonn\u00e9e Ballades en for\u00eat Soir\u00e9es priv\u00e9es Nature,montagne Aucun v\u00e9hicule s\u00e9lectionn\u00e9, pour s\u00e9lectionner un v\u00e9hicule cliquez sur le bouton Jattends! homme c\u00e9libataire de 60 ans cherche femme pour rencontre s\u00e9rieuse Je suis quelquun de gentil, tendre, g\u00e9n\u00e9reuse qui prend la vie du bon c\u00f4t\u00e9 quelque soit les difficult\u00e9s.<\/p>\n","protected":false},"excerpt":{"rendered":"<p>rencontre thonon les bains<\/p>\n","protected":false},"author":1,"featured_media":0,"comment_status":"closed","ping_status":"closed","sticky":false,"template":"","format":"standard","meta":{"footnotes":""},"categories":[1],"tags":[],"_links":{"self":[{"href":"https:\/\/dig-stuttgart.de\/info\/wp-json\/wp\/v2\/posts\/5090"}],"collection":[{"href":"https:\/\/dig-stuttgart.de\/info\/wp-json\/wp\/v2\/posts"}],"about":[{"href":"https:\/\/dig-stuttgart.de\/info\/wp-json\/wp\/v2\/types\/post"}],"author":[{"embeddable":true,"href":"https:\/\/dig-stuttgart.de\/info\/wp-json\/wp\/v2\/users\/1"}],"replies":[{"embeddable":true,"href":"https:\/\/dig-stuttgart.de\/info\/wp-json\/wp\/v2\/comments?post=5090"}],"version-history":[{"count":1,"href":"https:\/\/dig-stuttgart.de\/info\/wp-json\/wp\/v2\/posts\/5090\/revisions"}],"predecessor-version":[{"id":5091,"href":"https:\/\/dig-stuttgart.de\/info\/wp-json\/wp\/v2\/posts\/5090\/revisions\/5091"}],"wp:attachment":[{"href":"https:\/\/dig-stuttgart.de\/info\/wp-json\/wp\/v2\/media?parent=5090"}],"wp:term":[{"taxonomy":"category","embeddable":true,"href":"https:\/\/dig-stuttgart.de\/info\/wp-json\/wp\/v2\/categories?post=5090"},{"taxonomy":"post_tag","embeddable":true,"href":"https:\/\/dig-stuttgart.de\/info\/wp-json\/wp\/v2\/tags?post=5090"}],"curies":[{"name":"wp","href":"https:\/\/api.w.org\/{rel}","templated":true}]}}