{"id":5104,"date":"2020-07-03T05:23:15","date_gmt":"2020-07-03T05:23:15","guid":{"rendered":"http:\/\/dig-stuttgart.de\/info\/?p=5104"},"modified":"2020-06-27T15:09:53","modified_gmt":"2020-06-27T15:09:53","slug":"rencontre-cancun","status":"publish","type":"post","link":"https:\/\/dig-stuttgart.de\/info\/2020\/07\/03\/rencontre-cancun\/","title":{"rendered":"Rencontre Cancun"},"content":{"rendered":"<p> Le patron dAir France sait quil faut aller vite : cet \u00e9t\u00e9, un avion Norwegian d\u00e9collera chaque jour de Roissy vers les Etats-Unis lire page 54 et British Airways va implanter Level, sa nouvelle low cost long-courrier, \u00e0 Orly. Sans oublier Eurowings, la filiale de Lufthansa qui multiplie les ouvertures de lignes. Pour Air France, le statu quo est impossible. <img decoding=\"async\" src=\"http:\/\/courrierdefloride.com\/wp-content\/uploads\/2017\/08\/bernard-thomasson-e1502065007123-374x200_c.jpg\" alt=\"rencontre cancun\" align=\"left\"> Le but du Challenge est de promouvoir un mode de vie sain, lactivit\u00e9 sportive et le bien-\u00eatre physique gr\u00e2ce \u00e0 un Challenge de remise en forme sous forme de programme sportif et nutritionnel. Rencontre avec Franck Terner, le Pilote dAir France pour les manoeuvres d\u00e9licates-Challenges Sil vous pla\u00eet entrez le mot de passe pour le compte Le groupe TourMaG Travel Media Group publie \u00e9galement : Nous partons au mois de juillet pas le choix avec les enfants. Jai un peu peur pour le temps la pluie, jen ai assez en Belgique, donc jai pas trop envie den avoir \u00e0 ce moment l\u00e0. Enfin pas toute la journ\u00e9e quoi! 11.6 LAcheteur sengage \u00e0 fournir \u00e0 La S\u00e8che toutes les informations n\u00e9cessaires \u00e0 la bonne ex\u00e9cution des pr\u00e9sentes conditions g\u00e9n\u00e9rales. Plus g\u00e9n\u00e9ralement lAcheteur sengage \u00e0coop\u00e9rer activement avec La S\u00e8che en vue de la bonne ex\u00e9cution des pr\u00e9sentes. Terroirs des Hommes est sp\u00e9cialis\u00e9 dans l Agrotourisme et l Ecotourisme. D\u00e9couvrez notre collection de circuits, h\u00f4tels et clubs Nous h\u00e9sitons \u00e0 nous arr\u00eater \u00e0 Izamal pour notre 3\u00e8me nuit entre la visite de Chichen Itza et M\u00e9rida, quen avez vous pens\u00e9? Votre petite adresse secr\u00e8te nous intrigue \u00e9galement En effet nos trois premi\u00e8res nuits correspondent aux trois jours de la f\u00eate des morts, nous h\u00e9sitons donc \u00e0 passer deux nuits \u00e0 M\u00e9rida plut\u00f4t quune 7. Dur\u00e9e de conservation des donn\u00e9es \u00e0 caract\u00e8re personnel   <img decoding=\"async\" src=\"http:\/\/static.service-voyages.com\/photos\/mexique-rencontre-avec-le-yucatan-en-famille\/france--cancun\/cancun_217261_pghd.jpg\" alt=\"rencontre cancun\" align=\"right\"> moment depuis votre espace personnel ou depuis nos newsletters. Pour plus dinformations Justice pour Juli\u00e1n Carrillo et les d\u00e9fenseurs des droits de la terre, du territoire et de lenvironnement! R\u00e9alisez votre r\u00eave en nageant avec des dauphins dans les eaux chaudes et cristallines de la mer des Cara\u00efbes! Derni\u00e8re mise \u00e0 jour : mardi 19 mail 2020 \u00e0 11:32. Je pars en mai dans le Yucatan pour deux semaines et votre itinaire ma inspir\u00e9e. Javais juste une question pourquoi ne pas avoir fait dans lautre sens? <img decoding=\"async\" src=\"http:\/\/vipterachinafacts.com\/wp-content\/uploads\/2018\/07\/lettre-de-motivation-commis-de-cuisine-inspirant-impressionnant-lettre-de-motivation-cuisine-cdqrc-stock-of-lettre-de-motivation-commis-de-cuisine.jpg\" alt=\"rencontre cancun\" align=\"left\">.<\/p>\n","protected":false},"excerpt":{"rendered":"<p>rencontre cancun<\/p>\n","protected":false},"author":1,"featured_media":0,"comment_status":"closed","ping_status":"closed","sticky":false,"template":"","format":"standard","meta":{"footnotes":""},"categories":[1],"tags":[],"_links":{"self":[{"href":"https:\/\/dig-stuttgart.de\/info\/wp-json\/wp\/v2\/posts\/5104"}],"collection":[{"href":"https:\/\/dig-stuttgart.de\/info\/wp-json\/wp\/v2\/posts"}],"about":[{"href":"https:\/\/dig-stuttgart.de\/info\/wp-json\/wp\/v2\/types\/post"}],"author":[{"embeddable":true,"href":"https:\/\/dig-stuttgart.de\/info\/wp-json\/wp\/v2\/users\/1"}],"replies":[{"embeddable":true,"href":"https:\/\/dig-stuttgart.de\/info\/wp-json\/wp\/v2\/comments?post=5104"}],"version-history":[{"count":1,"href":"https:\/\/dig-stuttgart.de\/info\/wp-json\/wp\/v2\/posts\/5104\/revisions"}],"predecessor-version":[{"id":5105,"href":"https:\/\/dig-stuttgart.de\/info\/wp-json\/wp\/v2\/posts\/5104\/revisions\/5105"}],"wp:attachment":[{"href":"https:\/\/dig-stuttgart.de\/info\/wp-json\/wp\/v2\/media?parent=5104"}],"wp:term":[{"taxonomy":"category","embeddable":true,"href":"https:\/\/dig-stuttgart.de\/info\/wp-json\/wp\/v2\/categories?post=5104"},{"taxonomy":"post_tag","embeddable":true,"href":"https:\/\/dig-stuttgart.de\/info\/wp-json\/wp\/v2\/tags?post=5104"}],"curies":[{"name":"wp","href":"https:\/\/api.w.org\/{rel}","templated":true}]}}