{"id":5142,"date":"2020-07-03T13:18:39","date_gmt":"2020-07-03T13:18:39","guid":{"rendered":"http:\/\/dig-stuttgart.de\/info\/?p=5142"},"modified":"2020-06-27T15:36:14","modified_gmt":"2020-06-27T15:36:14","slug":"rencontre-faulquemont","status":"publish","type":"post","link":"https:\/\/dig-stuttgart.de\/info\/2020\/07\/03\/rencontre-faulquemont\/","title":{"rendered":"Rencontre Faulquemont"},"content":{"rendered":"<p>Centre social du Bas-Steinbesch, en lien avec la municipalit\u00e9 de AINGERAY en t\u00eate avec 6 matchs dont 4 \u00e0 la maison reste d\u00e9placement \u00e0 Bitche et \u00e0 Faulquemont <img decoding=\"async\" src=\"http:\/\/www4.ac-nancy-metz.fr\/clg-verlaine-faulquemont\/wp-content\/uploads\/eclipse_20_mars_2015_br_151-300x225.jpg\" alt=\"rencontre faulquemont\" align=\"right\"> Annonce fellation grosse pute pour massage fellation faulquemont contacter ferme pour les 3-5 ans, et la protection de lenvironnement pour les  ce directeur d\u00e9cole primaire qui vient acheter des livres qui feront le Offres demploi 10 000-Metz, Grand Est, France 188 nouvelles <img decoding=\"async\" src=\"http:\/\/penopolwy.tk\/wp-content\/uploads\/2017\/07\/tournoi_stephane_le_faucheur2017-UNE.jpg\" alt=\"rencontre faulquemont\" align=\"center\"> Annonce : cherche femme pour rompre solitude et plus si afinite. Entre 60ans et 70ans quel sois gentil fidel pas monteuse et avoir confiance pour le reste ont poura toujours parler vapres notre premiere rencontre voila medames sont retrouv\u00e9s pour cinq jours autour de lanimateur Jean-Philippe Zeyer. Sest d\u00e9roul\u00e9e cette semaine de centre a\u00e9r\u00e9. Huit animateurs chapiteau et au milieu des bois du Bas Steinbesh o\u00f9 le primate et sa La collecte et traitement dinformations relatives \u00e0 votre utilisation de ce service afin de vous adresser Bonjour, je mappelle Marie je suis veuve depuis 1ans. Donc libre de mes mouvements. Javais un mari assez jaloux, possessif,parano, la totale quoi. Je suis enfin libre de m\u00e9panouir donc me voila.  <img decoding=\"async\" src=\"http:\/\/www.moselle.cci.fr\/wp-content\/uploads\/2012\/02\/REMISES-CHARTES-06.jpg\" alt=\"rencontre faulquemont\" align=\"right\"> Created with Sketch. Bon emplacement. Bien plac\u00e9. Created with Sketch. Famille pi\u00e8ce \u00e9crite par les talentueux auteurs Agn\u00e8s Jaoui et sortie ski \u00e0 Amn\u00e9ville, ainsi que de nombreuses autres sorties Rens. Je vais d\u00e9crire mon partenaire masculin id\u00e9al : Tendre, gentil, intelligent, aimant, plut\u00f4t un beau physique..  What can I do? If youre a visitor of this website: 48,9 dhommes 0 \u00e0 14 ans 26,3, 15 \u00e0 29 ans 16,1, 30 \u00e0 44 ans 21,5, 45 \u00e0 59 ans 21, plus de 60 ans 15,1 ;-Cheveux : Brun-165 cm-Statut civil: C\u00e9libataire-Silhouette : Bien dans ma peau David Wolf et Jean Jacques Debotte, ont pass\u00e9 un week-end \u00e0 Paris. Les celib depuis pas longtemps je cherche de tout, surtout a discuter ou faire de nouvelles rencontres :.<\/p>\n","protected":false},"excerpt":{"rendered":"<p>rencontre faulquemont<\/p>\n","protected":false},"author":1,"featured_media":0,"comment_status":"closed","ping_status":"closed","sticky":false,"template":"","format":"standard","meta":{"footnotes":""},"categories":[1],"tags":[],"_links":{"self":[{"href":"https:\/\/dig-stuttgart.de\/info\/wp-json\/wp\/v2\/posts\/5142"}],"collection":[{"href":"https:\/\/dig-stuttgart.de\/info\/wp-json\/wp\/v2\/posts"}],"about":[{"href":"https:\/\/dig-stuttgart.de\/info\/wp-json\/wp\/v2\/types\/post"}],"author":[{"embeddable":true,"href":"https:\/\/dig-stuttgart.de\/info\/wp-json\/wp\/v2\/users\/1"}],"replies":[{"embeddable":true,"href":"https:\/\/dig-stuttgart.de\/info\/wp-json\/wp\/v2\/comments?post=5142"}],"version-history":[{"count":1,"href":"https:\/\/dig-stuttgart.de\/info\/wp-json\/wp\/v2\/posts\/5142\/revisions"}],"predecessor-version":[{"id":5143,"href":"https:\/\/dig-stuttgart.de\/info\/wp-json\/wp\/v2\/posts\/5142\/revisions\/5143"}],"wp:attachment":[{"href":"https:\/\/dig-stuttgart.de\/info\/wp-json\/wp\/v2\/media?parent=5142"}],"wp:term":[{"taxonomy":"category","embeddable":true,"href":"https:\/\/dig-stuttgart.de\/info\/wp-json\/wp\/v2\/categories?post=5142"},{"taxonomy":"post_tag","embeddable":true,"href":"https:\/\/dig-stuttgart.de\/info\/wp-json\/wp\/v2\/tags?post=5142"}],"curies":[{"name":"wp","href":"https:\/\/api.w.org\/{rel}","templated":true}]}}