{"id":5158,"date":"2020-07-03T10:29:28","date_gmt":"2020-07-03T10:29:28","guid":{"rendered":"http:\/\/dig-stuttgart.de\/info\/?p=5158"},"modified":"2020-06-27T15:44:35","modified_gmt":"2020-06-27T15:44:35","slug":"melenchon-rencontre-le-pen","status":"publish","type":"post","link":"https:\/\/dig-stuttgart.de\/info\/2020\/07\/03\/melenchon-rencontre-le-pen\/","title":{"rendered":"Melenchon Rencontre Le Pen"},"content":{"rendered":"<p>Pour parler un peu plus s\u00e9rieusement, ce n\u00e9taient que quelques remarques plus politiques que danalyse iconographique je te laccorde au fil des commentaires et de la discussion plut\u00f4t quune apostrophe directe au sujet de ton billet que je trouve excellent au demeurant. <img decoding=\"async\" src=\"http:\/\/oise.pcf.fr\/sites\/default\/files\/imagecache\/image\/melenchon_10.jpg\" alt=\"melenchon rencontre le pen\" align=\"center\"> Attendre des explications et des renseignements, merci par avance FG. Robert Badinter, n\u00e9 en 1929, est un avocat et un homme..  Jean-Luc M\u00e9lenchon est r\u00e9guli\u00e8rement critiqu\u00e9 pour ses positions sur la guerre civile syrienne. Le journaliste estime que des responsables politiques comme,, Jean-Luc M\u00e9lenchon et sont s\u00e9duits par le poutinisme, il affirme dans son livre La France russe : Enqu\u00eate sur les r\u00e9seaux de Poutine, que cest sur laffaire syrienne que Jean-Luc M\u00e9lenchon trahit le plus cr\u00fbment son alignement sur les positions du Kremlin. Pour luniversitaire, jug\u00e9 proche de linsurrection syrienne, les th\u00e8ses de M. M\u00e9lenchon sur la Syrie demeurent en phase avec la propagande martel\u00e9e par le Kremlin, lui-m\u00eame en \u00e9cho de la dictature Assad. Nicolas Appelt, doctorant \u00e0 l, estime que Jean-Luc M\u00e9lenchon fait fausse route sur la question de la crise syrienne et affirme quil nait jamais eu un mot pour les Syriens, et ce depuis des ann\u00e9es. Il na pas eu non plus un seul mot pour la r\u00e9pression terrible qui sest abattue dembl\u00e9e sur un soul\u00e8vement populaire, pas plus dailleurs pour les conseils locaux menant des exp\u00e9riences de d\u00e9mocratie r\u00e9duites \u00e0 n\u00e9ant par la r\u00e9pression, se contentant de dire que des crimes, l\u00e0-bas, beaucoup de gens en commettent, sans revenir sur la responsabilit\u00e9 du r\u00e9gime dans la militarisation et de la confessionnalisation de la crise.. Mod\u00e8le : param\u00e8tre url manquant. S\u00e9ance s\u00e9natoriale du 22 avril 1998, scrutin n o 85. Interview Thomas Thouroude Ya pas p\u00e9no : Je croise les doigts pour que cette \u00e9mission.. Merci jean-luc M\u00e9lenchon pour votre dignit\u00e9 humaine face \u00e0 la b\u00eate immonde qui fait tant de mal dans notre pays. Vous honorez le genre humain.  La chanson de lann\u00e9e : Le num\u00e9ro de portable de.. Jean-Luc M\u00e9lenchon a post\u00e9 aujourdhui un commentaire sur le blog LAtelier des Ic\u00f4nes en r\u00e9ponse \u00e0 lexcellente analyse de sa diabolisation visuelle dans les m\u00e9dias par Andr\u00e9 Gunthert, reprise ici tr\u00e8s r\u00e9cemment. Voici son commentaire : jean luc M\u00e9lenchon le 13 mai 2013 \u00e0 16:27 Le co-fondateur du Parti de Gauche assimile le jeu \u00e0 une oeuvre de propagande PS Je nai pas vot\u00e9 M\u00e9lenchon en 2012, mais en 2017, gr\u00e2ce \u00e0 des gens comme vous et Nicolas Demorand travailler plus et gagner moins, \u00e7a se pourrait Ce blog raconte, sur le mode de lautofiction, les impressions dun professeur de lyc\u00e9e, jeune p\u00e8re de famille, vivant dans la hantise de la mont\u00e9e du Front national, et ses efforts pour comprendre.  Duel M\u00e9lenchonLe Pen : Un des matchs des l\u00e9gislatives Public Senat Vous avez,Monsieur M\u00e9lenchon,r\u00e9ussit, selon moi, a faire craquer le vernis qui semblais quelques peu embellir ce FN.Car en d\u00e9finitif, il ne suffit pas de bien pr\u00e9senter pour \u00eatre convainquant;Il faut de la contenance dans ses id\u00e9e et de la coh\u00e9rence dans ses propos.Madame Le Pen na ni lune ni lautre et cest ce que vous avez r\u00e9ussit a mettre en \u00e9vidence.Peut on la bl\u00e2mer, pauvre ambitieuse, la marche \u00e9tait trop haute pour elle.J esp\u00e8re que beaucoup dentre nous aurons vu ce d\u00e9bat afin de r\u00e9aliser que comme vous lavez parfaitement dit,que le FN ne sert a rien et que vous \u00eates lalternative la plus s\u00e9rieuse \u00e0 la d\u00e9molition que nous supportons depuis pr\u00e9s de quatre ann\u00e9es.Oui convaincu quil n y a pas que des m\u00e9diocres, au mieux,ou des imb\u00e9ciles, dans notre classe politiques.Et cest bon! <img decoding=\"async\" src=\"http:\/\/vivelepcf.fr\/wp-content\/uploads\/2015\/06\/150602_JLM_FN.png\" alt=\"melenchon rencontre le pen\" align=\"right\"> Il y aura toujours des grincheux et des sectaires partout, m\u00eame ici. Tout arbre g\u00e9n\u00e9alogique est int\u00e9ressant et la politique na rien \u00e0 y voir. Le : Recevez tous les matins la Revue de presse de France 24 sur votre ou sur. Et \u00e9galement toujours sur votre PC en devenant fan sur Evoquant la d\u00e9faite de Nicolas Sarkozy, lex-garde des Sceaux a estim\u00e9 que le pr\u00e9sident sortant n\u00e9tait pas le seul responsable de son \u00e9chec face \u00e0 Fran\u00e7ois Hollande. Ils annoncent la construction dun nouveau parti de gauche, simplement intitul\u00e9 le sur le mod\u00e8le allemand de, et appellent \u00e0 la constitution dun front de forces de gauche pour les \u00e9lections europ\u00e9ennes. Le 18 novembre, \u00e0 loccasion dune rencontre avec le, les deux partis ont annonc\u00e9 leur alliance sous forme de partenariat, dans le cadre dun front de gauche pour une autre Europe d\u00e9mocratique et sociale, contre la ratification du et les trait\u00e9s europ\u00e9ens actuels. Le meeting de lancement du Parti de gauche se tient le 29 novembre 2008 \u00e0, en pr\u00e9sence du copr\u00e9sident de Die Linke. Les syndicats re\u00e7us par Matignon. Dans la volont\u00e9 de redonner davantage de place aux corps interm\u00e9diaires, \u00c9douard Philippe re\u00e7oit syndicats et patronat pour \u00e9voquer leur place dans le grand d\u00e9bat. En 2007, la patronne du FN avait \u00e9t\u00e9 battue par le candidat socialiste au deuxi\u00e8me tour des l\u00e9gislatives dans ce qui \u00e9tait alors la 14e circonscription. Arriv\u00e9e en troisi\u00e8me place au premier tour de l\u00e9lection pr\u00e9sidentielle, Marine Le Pen \u00e9tait arriv\u00e9e en t\u00eate \u00e0 H\u00e9nin-Beaumont le 22 avril dernier avec plus de 35 des voix. Elle \u00e9tait conseill\u00e8re municipale de cette ville du Pas-de-Calais depuis 2008 jusqu\u00e0 sa d\u00e9mission en f\u00e9vrier 2011 pour cause de cumul des mandats. Jean-Luc M\u00e9lenchon de son c\u00f4t\u00e9 ne sest pas encore prononc\u00e9 sur une \u00e9ventuelle participation aux l\u00e9gislatives. <img decoding=\"async\" src=\"http:\/\/www.reputatiolab.com\/wp-content\/uploads\/2017\/04\/2017-04-16-19_33_18-presentation1-powerpoint.png\" alt=\"melenchon rencontre le pen\" align=\"center\"> Une s\u00e9lection personnalis\u00e9e des articles de Slate tous les matins dans votre bo\u00eete mail. En principe on vote en fonction de ses int\u00e9r\u00eats ou de lint\u00e9r\u00eat g\u00e9n\u00e9ral. Quant aux arrangement \u00e9lectoraux possibles pour certains m\u00e9diateurs \u00e0 gauche, ils sont impossibles avec Jean-Luc. Il ne se soumettra jamais et cela pour la bonne raison quil ne trouve vraiment aucun charme \u00e0 se trouver coop\u00e9ratif Cest tres bien, les medias ne cessent de faire le lien donc merci les m\u00e9dias de faire rejoindre les extremes! Ce contenu a bien \u00e9t\u00e9 retir\u00e9 de vos favoris. Voir mes favoris.<\/p>\n","protected":false},"excerpt":{"rendered":"<p>melenchon rencontre le pen<\/p>\n","protected":false},"author":1,"featured_media":0,"comment_status":"closed","ping_status":"closed","sticky":false,"template":"","format":"standard","meta":{"footnotes":""},"categories":[1],"tags":[],"_links":{"self":[{"href":"https:\/\/dig-stuttgart.de\/info\/wp-json\/wp\/v2\/posts\/5158"}],"collection":[{"href":"https:\/\/dig-stuttgart.de\/info\/wp-json\/wp\/v2\/posts"}],"about":[{"href":"https:\/\/dig-stuttgart.de\/info\/wp-json\/wp\/v2\/types\/post"}],"author":[{"embeddable":true,"href":"https:\/\/dig-stuttgart.de\/info\/wp-json\/wp\/v2\/users\/1"}],"replies":[{"embeddable":true,"href":"https:\/\/dig-stuttgart.de\/info\/wp-json\/wp\/v2\/comments?post=5158"}],"version-history":[{"count":1,"href":"https:\/\/dig-stuttgart.de\/info\/wp-json\/wp\/v2\/posts\/5158\/revisions"}],"predecessor-version":[{"id":5159,"href":"https:\/\/dig-stuttgart.de\/info\/wp-json\/wp\/v2\/posts\/5158\/revisions\/5159"}],"wp:attachment":[{"href":"https:\/\/dig-stuttgart.de\/info\/wp-json\/wp\/v2\/media?parent=5158"}],"wp:term":[{"taxonomy":"category","embeddable":true,"href":"https:\/\/dig-stuttgart.de\/info\/wp-json\/wp\/v2\/categories?post=5158"},{"taxonomy":"post_tag","embeddable":true,"href":"https:\/\/dig-stuttgart.de\/info\/wp-json\/wp\/v2\/tags?post=5158"}],"curies":[{"name":"wp","href":"https:\/\/api.w.org\/{rel}","templated":true}]}}