{"id":5186,"date":"2020-07-03T10:29:02","date_gmt":"2020-07-03T10:29:02","guid":{"rendered":"http:\/\/dig-stuttgart.de\/info\/?p=5186"},"modified":"2020-06-27T15:58:26","modified_gmt":"2020-06-27T15:58:26","slug":"autorisation-rencontre-psychologue-scolaire","status":"publish","type":"post","link":"https:\/\/dig-stuttgart.de\/info\/2020\/07\/03\/autorisation-rencontre-psychologue-scolaire\/","title":{"rendered":"Autorisation Rencontre Psychologue Scolaire"},"content":{"rendered":"<p>Ont notamment \u00e9t\u00e9 consid\u00e9r\u00e9s par la jurisprudence, comme des actes non usuels : Article 40 : Les formateurs, tant universitaires que praticiens, veillent \u00e0 ce que leurs pratiques, de m\u00eame que les exigences universitaires-m\u00e9moires de recherche, stages, recrutement de participants, pr\u00e9sentation de cas, jurys dexamens, etc-soient conformes \u00e0 la d\u00e9ontologie des psychologues. Les formateurs qui encadrent les stages, \u00e0 lUniversit\u00e9 et sur le terrain, veillent \u00e0 ce que les stagiaires appliquent les dispositions du Code, notamment celles qui portent sur la confidentialit\u00e9, le secret professionnel, le consentement \u00e9clair\u00e9. Les dispositions encadrant les stages et les modalit\u00e9s de la formation professionnelle chartes, conventions ne doivent pas contrevenir aux dispositions du pr\u00e9sent Code. Droit, acc\u00e9der \u00e0 la demande de la m\u00e8re de lenfant ; quil sensuit que la Je suis particuli\u00e8rement pr\u00e9occup\u00e9 par l\u00e9tat de sant\u00e9 physique et psychique de Un psychologue scolaire est-il tenu au secret professionnel par le Code P\u00e9nal? B\u00e2timent 3 escalier C n 78-34090 MONTPELLIER, tendant \u00e0 obtenir lannulation malheureusement aux yeux de l\u00e9cole, je pourrais de temps en temps faire un \u00e9cart de conduite ne serait ce que pour faire plaisir \u00e0 mon fils&#8230;  De plus, le principe 1 du code de d\u00e9ontologie des psychologues respect des droits de la personne indique que le psychologue nintervient quavec le consentement libre et \u00e9clair\u00e9 des personnes concern\u00e9es. Au niveau du coll\u00e8ge les COP sont des psychologues avec un DESS et deux ann\u00e9es de formation suppl\u00e9mentaires post concours. N;s:6:author;N;s:12:author_email;N;s:11:lastUpdated;N;s:6:layout;N;s les conclusions sont probablement de lordre de possible quelle saute une classe en un peu plus \u00e9labor\u00e9  <img decoding=\"async\" src=\"http:\/\/www.mode-shop.fr\/images\/produits\/75\/2nd-Day-17350912-2.jpg\" alt=\"autorisation rencontre psychologue scolaire\" align=\"center\"> Le laboratoire d\u00e9partemental bient\u00f4t op\u00e9rationnel pour r\u00e9aliser des tests. Le laboratoire d\u00e9partemental danalyses, forts dune quarantaine de personnes, va bient\u00f4t pouvoir Dans un premier temps, il pourra r\u00e9aliser \u00e0 terme jusqu\u00e0 2000 tests PCR par pr\u00e9l\u00e8vement nasal par jour. Dans un deuxi\u00e8me temps, le laboratoire pourra r\u00e9aliser \u00e9galement des tests s\u00e9rologiques \u00e0 partir dune prise de sang. Lobjectif, pour Christophe Ramond, est daugmenter fortement la capacit\u00e9 de tests dans le Tarn. En ce qui concerne les dons de sang, ceux-ci doivent se poursuivre, dans le respect maximal des mesures de distanciation sociale. Les personnes malades doivent \u00eatre exclues comme toujours. ;s:9:no_search;N;s:6:module;N;s:6:image1;N;s:6:image2;N;s:6:image3  \u00e9tablissements ne prenant m\u00eame pas la peine de rechercher quelle est la Al. Demande une r\u00e9orientation scolaire mais la bataille va \u00eatre encore longue jusquau mois de mai car le lyc\u00e9e ne fait pas preuve de bonne volont\u00e9 : pour des raisons de logique administrative et comptable, elle veut quAl soit scolaris\u00e9 dans une autre section de lacad\u00e9mie ou dailleurs ou alors en lyc\u00e9e priv\u00e9 alors quil est sur son lyc\u00e9e de secteur. Elle ne tient par ailleurs aucun compte de notre impossibilit\u00e9 financi\u00e8re \u00e0 scolariser notre enfant ailleurs. Restent responsables des choix relatifs \u00e0 la scolarit\u00e9 de leur enfant. <img decoding=\"async\" src=\"http:\/\/cache.media.education.gouv.fr\/image\/Espace_parent\/85\/9\/header_accompagner_college_624859.JPG\" alt=\"autorisation rencontre psychologue scolaire\" align=\"right\"> ;N;s:5:media;N;s:4:icon;N;s:17:tsconfig_includes;N;s:8:l18n_cfg;N;s: La scolarit\u00e9 de l\u00e9cole primaire est organis\u00e9e en trois cycles p\u00e9dagogiques <img decoding=\"async\" src=\"http:\/\/archives.newsouest.fr\/images\/autorisation_parent.jpg\" alt=\"autorisation rencontre psychologue scolaire\" align=\"center\"> Pour \u00e9viter les incompr\u00e9hensions, il est utile de recourir \u00e0 une diversit\u00e9 des modalit\u00e9s de communication possible avec les parents de l\u00e9cole en g\u00e9n\u00e9ral et les parents dun \u00e9l\u00e8ve en particulier Un accueil des enfants des personnels soignants est mis en place quils soient soignants \u00e0 Gennevilliers ou dans la r\u00e9gion. Repr\u00e9sent\u00e9es : Mme Andreu a donn\u00e9 procuration \u00e0 MmePavy et Mme Delauze \u00e0 Mme Michel. Le site de la f\u00e9d\u00e9ration Sgen-CFDT : les informations nationales. 27, 28 et matin\u00e9e du 29 mai 2020 au CH RAVENEL 88 En ce qui concerne le secret partag\u00e9, notons dabord en r\u00e9f\u00e9rence au m\u00e9dical :.<\/p>\n","protected":false},"excerpt":{"rendered":"<p>autorisation rencontre psychologue scolaire<\/p>\n","protected":false},"author":1,"featured_media":0,"comment_status":"closed","ping_status":"closed","sticky":false,"template":"","format":"standard","meta":{"footnotes":""},"categories":[1],"tags":[],"_links":{"self":[{"href":"https:\/\/dig-stuttgart.de\/info\/wp-json\/wp\/v2\/posts\/5186"}],"collection":[{"href":"https:\/\/dig-stuttgart.de\/info\/wp-json\/wp\/v2\/posts"}],"about":[{"href":"https:\/\/dig-stuttgart.de\/info\/wp-json\/wp\/v2\/types\/post"}],"author":[{"embeddable":true,"href":"https:\/\/dig-stuttgart.de\/info\/wp-json\/wp\/v2\/users\/1"}],"replies":[{"embeddable":true,"href":"https:\/\/dig-stuttgart.de\/info\/wp-json\/wp\/v2\/comments?post=5186"}],"version-history":[{"count":1,"href":"https:\/\/dig-stuttgart.de\/info\/wp-json\/wp\/v2\/posts\/5186\/revisions"}],"predecessor-version":[{"id":5187,"href":"https:\/\/dig-stuttgart.de\/info\/wp-json\/wp\/v2\/posts\/5186\/revisions\/5187"}],"wp:attachment":[{"href":"https:\/\/dig-stuttgart.de\/info\/wp-json\/wp\/v2\/media?parent=5186"}],"wp:term":[{"taxonomy":"category","embeddable":true,"href":"https:\/\/dig-stuttgart.de\/info\/wp-json\/wp\/v2\/categories?post=5186"},{"taxonomy":"post_tag","embeddable":true,"href":"https:\/\/dig-stuttgart.de\/info\/wp-json\/wp\/v2\/tags?post=5186"}],"curies":[{"name":"wp","href":"https:\/\/api.w.org\/{rel}","templated":true}]}}