{"id":5198,"date":"2020-07-03T21:22:57","date_gmt":"2020-07-03T21:22:57","guid":{"rendered":"http:\/\/dig-stuttgart.de\/info\/?p=5198"},"modified":"2020-06-27T16:03:53","modified_gmt":"2020-06-27T16:03:53","slug":"rencontre-matinale-cpam","status":"publish","type":"post","link":"https:\/\/dig-stuttgart.de\/info\/2020\/07\/03\/rencontre-matinale-cpam\/","title":{"rendered":"Rencontre Matinale Cpam"},"content":{"rendered":"<p>Une activit\u00e9 adapt\u00e9e est \u00e9galement indiqu\u00e9e pour lutter contre les effets de la maladie, rappelle le Pr Laroche. Entretien des muscles et lutte contre le d\u00e9conditionnement en sont les principaux b\u00e9n\u00e9fices. Il peut de la m\u00eame fa\u00e7on autoriser un s\u00e9jour hors du d\u00e9partement de r\u00e9sidence, pendant larr\u00eat de travail, en le justifiant m\u00e9dicalement. Lassur\u00e9 doit obtenir au pr\u00e9alable laccord de sa caisse dAssurance Maladie avant de partir. Une augmentation importante du montant des indemnit\u00e9s journali\u00e8res incite lAssurance Maladie dOccitanie \u00e0 sensibiliser les publics concern\u00e9s sur les bonnes pratiques et les r\u00e8gles \u00e0 respecter et \u00e0 renforcer ses actions de contr\u00f4les. Connectez-vous pour retrouver vos favoris sur tous vos \u00e9crans et profiter dune exp\u00e9rience personnalis\u00e9e <img decoding=\"async\" src=\"http:\/\/static.hitek.fr\/img\/actualite\/2018\/01\/08\/w_323102.jpg\" alt=\"rencontre matinale cpam\" align=\"center\"> Dans les \u00e9vangiles, il y a des choses qui ne tiennent pas debout : Aime ton prochain comme toi m\u00eame, cest dune perversit\u00e9 inou\u00efe Dans tous ces processus, la perception de la fatigue existe. Ainsi, des crises dangoisse accompagn\u00e9es dune manifestation de fatigue peuvent orienter vers une pathologie organique. <img decoding=\"async\" src=\"http:\/\/static.hitek.fr\/img\/actualite\/2017\/08\/28\/1-1-5-the-spoils-war.jpg\" alt=\"rencontre matinale cpam\" align=\"left\">  La somnolence diurne ou somnolence dans la journ\u00e9e se manifeste par une envie de dormir au cours de la journ\u00e9e et correspond \u00e0 une diminution momentan\u00e9e de l\u00e9veil. La promotion du livre ne doit pas, elle, y \u00eatre pour rien. \u00c9cumant les plateaux de t\u00e9l\u00e9vision et les matinales depuis la sortie de louvrage d\u00e9but septembre, les positions tranch\u00e9es dEric Zemmour sur les questions de nationalit\u00e9 et lislam sont d\u00e9battues, contre-argument\u00e9es et font flor\u00e8s sur les r\u00e9seaux sociaux o\u00f9 le chroniqueur est tant\u00f4t taill\u00e9 en pi\u00e8ce, tant\u00f4t \u00e9rig\u00e9 en chantre courageux de lanti bien-pensance T\u00e9l\u00e9assistance : lUDAF signe une convention avec Pr\u00e9sence Verte 12042016 Lequel exc\u00e9dent sert \u00e0 rembourser la dette quelle porte, dette a \u00e9t\u00e9 r\u00e9duite de 142,7 Mds fin 2011 \u00e0 120,8 Mds fin 2017 et devrait \u00eatre de 105,4 Mds \u00e0 fin 2018  Socle 1 : Risques Psychosociaux, de quoi parle-ton? le 14 mai 2019 \u00e0 La Rochelle Michel Marchand : Le nombre de contr\u00f4les darr\u00eats de travail a augment\u00e9 de 14 en 2008 et a quasiment doubl\u00e9 depuis 2005 en Aquitaine pr\u00e8s de 58 000 en 2005, plus de 100 000 en 2008. Ceci correspond \u00e0 une volont\u00e9 de lAssurance maladie de faire face \u00e0 l\u00e9volution alarmante des d\u00e9penses en indemnit\u00e9s journali\u00e8res. Favoriser l\u00e9conomie circulaire pour optimiser les d\u00e9chets, les flux de mati\u00e8res et d\u00e9nergie et viser \u00e0 lefficience de lutilisation des ressources. Le lieu de travail et celui o\u00f9 il prend habituellement ses repas restaurant, cantine.  <img decoding=\"async\" src=\"http:\/\/webmediasolutionz.com\/projects\/clients\/new_CPAM1410\/wp-content\/uploads\/2015\/03\/billetderetour-1-650x265.png\" alt=\"rencontre matinale cpam\" align=\"left\"> Mercredi 20 novembre durant toute la journ\u00e9e \u00e0 lIME La Mauresque sest organis\u00e9 la rencontre Handi Entreprise sur la pr\u00e9sentation des dispositifs sp\u00e9cifiques \u00e0 lemploi des personnes handicap\u00e9es pour les jeunes issus dIME, IMPRO.<\/p>\n","protected":false},"excerpt":{"rendered":"<p>rencontre matinale cpam<\/p>\n","protected":false},"author":1,"featured_media":0,"comment_status":"closed","ping_status":"closed","sticky":false,"template":"","format":"standard","meta":{"footnotes":""},"categories":[1],"tags":[],"_links":{"self":[{"href":"https:\/\/dig-stuttgart.de\/info\/wp-json\/wp\/v2\/posts\/5198"}],"collection":[{"href":"https:\/\/dig-stuttgart.de\/info\/wp-json\/wp\/v2\/posts"}],"about":[{"href":"https:\/\/dig-stuttgart.de\/info\/wp-json\/wp\/v2\/types\/post"}],"author":[{"embeddable":true,"href":"https:\/\/dig-stuttgart.de\/info\/wp-json\/wp\/v2\/users\/1"}],"replies":[{"embeddable":true,"href":"https:\/\/dig-stuttgart.de\/info\/wp-json\/wp\/v2\/comments?post=5198"}],"version-history":[{"count":1,"href":"https:\/\/dig-stuttgart.de\/info\/wp-json\/wp\/v2\/posts\/5198\/revisions"}],"predecessor-version":[{"id":5199,"href":"https:\/\/dig-stuttgart.de\/info\/wp-json\/wp\/v2\/posts\/5198\/revisions\/5199"}],"wp:attachment":[{"href":"https:\/\/dig-stuttgart.de\/info\/wp-json\/wp\/v2\/media?parent=5198"}],"wp:term":[{"taxonomy":"category","embeddable":true,"href":"https:\/\/dig-stuttgart.de\/info\/wp-json\/wp\/v2\/categories?post=5198"},{"taxonomy":"post_tag","embeddable":true,"href":"https:\/\/dig-stuttgart.de\/info\/wp-json\/wp\/v2\/tags?post=5198"}],"curies":[{"name":"wp","href":"https:\/\/api.w.org\/{rel}","templated":true}]}}