{"id":5204,"date":"2020-07-03T11:16:06","date_gmt":"2020-07-03T11:16:06","guid":{"rendered":"http:\/\/dig-stuttgart.de\/info\/?p=5204"},"modified":"2020-06-27T16:08:41","modified_gmt":"2020-06-27T16:08:41","slug":"rencontre-femme-camerounaise-en-france","status":"publish","type":"post","link":"https:\/\/dig-stuttgart.de\/info\/2020\/07\/03\/rencontre-femme-camerounaise-en-france\/","title":{"rendered":"Rencontre Femme Camerounaise En France"},"content":{"rendered":"<p> 9La pauvret\u00e9 se f\u00e9minise au Cameroun Guillemaut, 2008 ; Pujolle, 1995 comme ailleurs dans le monde. Les femmes, en premier lieu celles qui vivent dans les principales villes, sont pr\u00eates \u00e0 tout pour \u00e9chapper \u00e0 la pauvret\u00e9. Si la prostitution demeure un moyen de survie classique, la recherche dun conjoint blanc, gr\u00e2ce \u00e0 Internet, devient lune des nouvelles strat\u00e9gies pour contourner la pauvret\u00e9 et migrer ainsi en Europe dans lespoir dune vie meilleure. Mardi 14 mars 2017, deux couples eux fran\u00e7ais, elles camerounaises, la cinquantaine, ont comparu devant le tribunal de grande instance de Caen Calvados. Lun pour mariage contract\u00e9 pour lobtention dun titre de s\u00e9jour ou de la nationalit\u00e9 fran\u00e7aise ainsi que pour usage dattestation inexacte, lautre pour avoir \u00e9tabli cette attestation inexacte. Guillaume Nseke Bekombo \u00e2g\u00e9 de 47 ans y comparaissait \u00e9galement pour sa part incarc\u00e9r\u00e9 pour aide au s\u00e9jour irr\u00e9gulier dun \u00e9tranger en France. En fonction de limportance num\u00e9rique de leffectif de leur population, les r\u00e9gions du Cameroun peuvent \u00eatre class\u00e9es en 3 cat\u00e9gories : La publication de votre photo. Avec assistance de nos services pour des clich\u00e9s r\u00e9ussis et travaill\u00e9s  Tableau 6. R\u00e9partition des femmes interview\u00e9es par confession religieuse Buea, ville du Cameroun, est consid\u00e9r\u00e9e comme la capitale du sud-ouest de ce pays. Elle est situ\u00e9e \u00e0 80 km de Douala et au pied du mont Cameroun. Au final le couple responsable de la fausse attestation \u00e9cope dun mois de prison avec sursis chacun. Pour le mari\u00e9 ce sera deux mois avec sursis pour usage de faux et pour son \u00e9pouse 60 jours-amendes \u00e0 10 euros par jour. Quant au pr\u00e9sident de lassociation, au regard de son pass\u00e9 judiciaire il restera incarc\u00e9r\u00e9 deux mois de plus. Lancien pr\u00e9sident du Real Madrid Lorenzo Sanz est d\u00e9c\u00e9d\u00e9 du virus le 21 mars \u00e0 l\u00e2ge de 76 ans. Il avait \u00e9t\u00e9 hospitalis\u00e9 le 17 mars. Cest son fils, lui aussi pr\u00e9nomm\u00e9 Lorenzo, qui a annonc\u00e9 la mort de son p\u00e8re sur Twitter. A la t\u00eate du club madril\u00e8ne entre 1995 et 2000, lhomme daffaires avait permis \u00e0 l\u00e9quipe de remporter deux Ligues des champions. Je suis quelquun de simple de gentil dattentionn\u00e9e de sensible c\u00e2line qui me d\u00e9sire quune chose vivre lamour et partager cette amour avec la personne qui le m\u00e9rite Val\u00e9rie B\u00e9na\u00efm a a indiqu\u00e9 quelle avait \u00e9t\u00e9 en contact avec une personne test\u00e9e positive au coronavirus. Lanimatrice de 50 ans na pas pr\u00e9cis\u00e9 si elle avait fait un test, mais elle a annonc\u00e9 quelle ne pr\u00e9senterait plus son \u00e9mission Cest Que De La T\u00e9l\u00e9, sur C8, jusqu\u00e0 nouvel ordre. Les amis, en cette p\u00e9riode il ne faut pas laisser la place au doute. Les chroniqueurs de Cest que de la t\u00e9l\u00e9 et moi ayant \u00e9t\u00e9 en contact avec un malade du virus, on pr\u00e9f\u00e8re ne pas mettre les \u00e9quipes en danger, a-t-elle indiqu\u00e9 sur Twitter. Mongo Beti-Le combattant fatigu\u00e9-Cilas Kemedjio-Google Books  Wanda People, la bimbo ivoirienne Eudoxie Yao cherche \u00e0 se faire du nkap. Pour autant, la go a d\u00e9cid\u00e9 de mettre en.. Rencontre femme Yaound\u00e9-site de rencontre gratuit Yaound\u00e9 <img decoding=\"async\" src=\"http:\/\/www.judeeshalom.cm\/wp-content\/uploads\/2016\/06\/1377080398259.jpg\" alt=\"rencontre femme camerounaise en france\" align=\"right\"> Arriv\u00e9 en janvier 2019 au FC Martigues, Chris Malonga va rester une saison dans les Bouches-du-Rh\u00f4ne. Lancien international congolais, \u00e2g\u00e9 de 32 ans, a en effet renouvel\u00e9 son contrat dune ann\u00e9e suppl\u00e9mentaire, soit jusquen juin 2021. <img decoding=\"async\" src=\"http:\/\/img.over-blog.com\/429x514\/4\/13\/60\/78\/CI\/Pays\/25-10-2011-09-02-26.jpg\" alt=\"rencontre femme camerounaise en france\" align=\"left\"> <img decoding=\"async\" src=\"http:\/\/www.tremblay-en-france.fr\/uploads\/pics\/rencontres-eau-afrique.jpg\" alt=\"rencontre femme camerounaise en france\" align=\"center\"> Je veux du s\u00e9rieux femme c\u00e9libataire de 37 ans cherche homme pour rencontre s\u00e9rieuse Lors dun entretien accord\u00e9 \u00e0 France Info jeudi 2 avril, Patrick Bruel a confi\u00e9 avoir \u00e9t\u00e9. Quelques heures apr\u00e8s son intervention, le chanteur de 60 ans a tenu \u00e0 rassurer ses fans sur Instagram. Les amis, Pas dinqui\u00e9tude, tout va bien. Suite \u00e0 mon interview sur France Info, les m\u00e9dias relayent le fait que jai eu le coronavirus. Oui, en effet je lai eu mais jai eu aussi la chance de plut\u00f4t bien r\u00e9agir a d\u00e9clar\u00e9 lex-mari dAmanda Sthers. Et dajouter : Apr\u00e8s quelques jours de fi\u00e8vre, toux et fatigue, je vais d\u00e9sormais beaucoup mieux. Je suis de tout c\u0153ur ce soir avec les gens durement touch\u00e9s, ainsi quavec tout le personnel soignant quon ne remerciera jamais assez. Hommage \u00e0 lactrice d\u00e9c\u00e9d\u00e9e \u00e0 l\u00e2ge de 91 ans du, elle est connue pour un seul r\u00f4le mais quel r\u00f4le, elle \u00e9tait Mme Kintner la m\u00e8re de la deuxi\u00e8me victime du requin Blanc de de Steven Spielberg, Emmanuel de Tailly SABC : Preserving jobs at all costs Une publication partag\u00e9e par amandakloots le 1 Avril 2020 \u00e0 5 :18 PDT Monique Villemin GOYHENEX JEAN-MARIESIPA Le p\u00e8re de la romanci\u00e8re Am\u00e9lie Nothomb, Patrick Nothomb, est d\u00e9c\u00e9d\u00e9 dune crise cardiaque apr\u00e8s avoir \u00e9t\u00e9 touch\u00e9 par le coronavirus. Ce docteur en droit avait \u00e9t\u00e9 ambassadeur de Belgique en Tha\u00eflande entre 1985 et 1988. Placido Domingo, le t\u00e9nor de 79 ans qui a \u00e9t\u00e9, a \u00e9t\u00e9 test\u00e9 positif au Covid-19. Il a \u00e9t\u00e9 plac\u00e9 en quarantaine avec sa famille, et pour linstant, ne souffre que de l\u00e9gers sympt\u00f4mes, dont une toux. Harvey Weinstein zzDennis Van TineSTAR MAXIPxAPSIPA D\u00e9couvre les avantages r\u00e9serv\u00e9s aux membres toptchat J.C. Olivry, Fleuves et rivi\u00e8res du Cameroun, p. Introduction Le journal du jour en exclusivit\u00e9 et le journal de demain avant tout le monde Chaque semaine lactualit\u00e9 de l\u00e9conomie et de linvestissement au Cameroun.<\/p>\n","protected":false},"excerpt":{"rendered":"<p>rencontre femme camerounaise en france<\/p>\n","protected":false},"author":1,"featured_media":0,"comment_status":"closed","ping_status":"closed","sticky":false,"template":"","format":"standard","meta":{"footnotes":""},"categories":[1],"tags":[],"_links":{"self":[{"href":"https:\/\/dig-stuttgart.de\/info\/wp-json\/wp\/v2\/posts\/5204"}],"collection":[{"href":"https:\/\/dig-stuttgart.de\/info\/wp-json\/wp\/v2\/posts"}],"about":[{"href":"https:\/\/dig-stuttgart.de\/info\/wp-json\/wp\/v2\/types\/post"}],"author":[{"embeddable":true,"href":"https:\/\/dig-stuttgart.de\/info\/wp-json\/wp\/v2\/users\/1"}],"replies":[{"embeddable":true,"href":"https:\/\/dig-stuttgart.de\/info\/wp-json\/wp\/v2\/comments?post=5204"}],"version-history":[{"count":1,"href":"https:\/\/dig-stuttgart.de\/info\/wp-json\/wp\/v2\/posts\/5204\/revisions"}],"predecessor-version":[{"id":5205,"href":"https:\/\/dig-stuttgart.de\/info\/wp-json\/wp\/v2\/posts\/5204\/revisions\/5205"}],"wp:attachment":[{"href":"https:\/\/dig-stuttgart.de\/info\/wp-json\/wp\/v2\/media?parent=5204"}],"wp:term":[{"taxonomy":"category","embeddable":true,"href":"https:\/\/dig-stuttgart.de\/info\/wp-json\/wp\/v2\/categories?post=5204"},{"taxonomy":"post_tag","embeddable":true,"href":"https:\/\/dig-stuttgart.de\/info\/wp-json\/wp\/v2\/tags?post=5204"}],"curies":[{"name":"wp","href":"https:\/\/api.w.org\/{rel}","templated":true}]}}