{"id":5222,"date":"2020-07-03T23:35:28","date_gmt":"2020-07-03T23:35:28","guid":{"rendered":"http:\/\/dig-stuttgart.de\/info\/?p=5222"},"modified":"2020-06-27T16:18:12","modified_gmt":"2020-06-27T16:18:12","slug":"cercle-des-mecenes-des-rencontres-d-arles","status":"publish","type":"post","link":"https:\/\/dig-stuttgart.de\/info\/2020\/07\/03\/cercle-des-mecenes-des-rencontres-d-arles\/","title":{"rendered":"Cercle Des M\u00e9c\u00e8nes Des Rencontres D Arles"},"content":{"rendered":"<p><img decoding=\"async\" src=\"http:\/\/www.more.wfcrimewatch.com\/upload\/news\/first\/5b993362c70376.06097731.jpg\" alt=\"cercle des m\u00e9c\u00e8nes des rencontres d arles\" align=\"left\"> Des clics et des classes est une op\u00e9ration nationale pilot\u00e9e par R\u00e9seau Canop\u00e9, op\u00e9rateur du minist\u00e8re de l\u00c9ducation nationale, ayant pour objectif la sensibilisation des jeunes \u00e0 la photographie. Chaque ann\u00e9e, des classes de tous niveaux scolaires mettent en \u0153uvre un projet de cr\u00e9ation aux c\u00f4t\u00e9s dun photographe. Une s\u00e9lection de leurs productions donne lieu \u00e0 une exposition aux Rencontres de la photographie, qui voyagera ensuite dans une dizaine de ville en France dans les Ateliers Canop\u00e9. Avec le soutien de, cercle d\u02bcentreprises m\u00e9c\u00e8nes de la Philharmonie de Paris.  Cr\u00e9\u00e9es en 1969, les Rencontres dArles, festival sans pareil du monde photographique, f\u00eateront en 2018 leur quarante-neuvi\u00e8me \u00e9dition. Environ 35 expositions y sont pr\u00e9sent\u00e9es chaque ann\u00e9e durant la p\u00e9riode estivale dans des lieux historiques de la ville dArles. Pendant la semaine dinauguration, des soir\u00e9es de projections sont propos\u00e9es au Th\u00e9\u00e2tre antique. Un colloque, des d\u00e9bats et conf\u00e9rences, des lectures de portfolios permettent de confronter les divers courants de la photographie. Sont \u00e9galement organis\u00e9s des actions p\u00e9dagogiques en milieu scolaire et des stages photographiques dispens\u00e9s par des photographes de renom \u00e0 destination dun public amateur ou professionnel de limage. Les Rencontres dArles ont accueilli 125 000 visiteurs en 2017 et b\u00e9n\u00e9ficient dun vif engouement largement relay\u00e9 par la presse fran\u00e7aise et internationale.   Une plateforme de pr\u00e9sentation des \u0153uvres de la collection a \u00e9t\u00e9 publiquement mise en ligne \u00e0 l\u00e9t\u00e9 2019. Larticle na pas \u00e9t\u00e9 envoy\u00e9-V\u00e9rifiez vos adresses e-mail! Nous utilisons des cookies pour nous permettre de mieux comprendre comment le site est utilis\u00e9. En continuant \u00e0 utiliser ce site, vous acceptez cette politique. Favoriser la pratique du chant chorale. Le Ch\u0153ur ESCANDIHADO chante, sous la direction de Michelle Reynard des \u0153uvres dAm\u00e9rique latine, accompagn\u00e9 par lensemble SOLAMENTO. En 2016 il va apprendre un nouveau programme latino. Cest le moment de le rejoindre. La R\u00e9gion et le D\u00e9partement ont accru leur soutien aux Rencontres mais aussi r\u00e9duit leur aide au off ou au Th\u00e9\u00e2tre de La Calade. Et le grand investissement culturel du quinquennat Hollande est all\u00e9 au b\u00e2timent du Ni\u00e7ois Marc Barani, \u00c9querre dargent et Grand prix national de larchitecture, qui abritera la nouvelle \u00c9cole nationale sup\u00e9rieure de la photographie. O\u00f9? Au coeur de la matrice Luma. Aux Ateliers SNCF. Quils aient la r\u00e9putation d\u00eatre bouillonnants, fantasques et r\u00e2peux comme, 88 ans, le New-Yorkais impatient qui fut lun des plus beaux photographes du monde. Lange de passe de sa belle voix rauque. Assis dans son fauteuil roulant comme un roi sur son tr\u00f4ne, William Klein \u00e9tait des heures \u00e0 la terrasse du Nord Pinus, brandissant sa canne comme le Roi Lear son bras d\u00e9charn\u00e9, buvant son vin rouge sans se soucier dune quelconque sant\u00e9. \u00c0 la Chapelle du M\u00e9jan, ses photos prises sur le vif dans le Tokyo de Kazuo \u00d4no, le cofondateur de la danse but\u00f4, et de ses deux jeunes danseurs, faux jumeaux aux c\u00f4tes creuses, t\u00e9moignent de son intense talent. Prix du livre : Barcelona, ciutat imaginada de Ajuntament de Barcelona \u00c9COLE NATIONALE SUP\u00c9RIEURE DE LA PHOTOGRAPHIE DARLES Yann S\u00e9randour, Vivement lundi, 2006, journal, d\u00e9coupage, collage encadr\u00e9, 87,5 x 70 cm. Du Verbe \u00e0 la Communication La collection de Jos\u00e9e et Marc Gensollen \u00e0 Carr\u00e9 dArt N\u00eemes Organisation de cours de danse Ateliers et stages de danse soir\u00e9es dansantes organisation de concerts et de spectacles S\u00e9minaires Sorties Voyages Th\u00e9matiques \u00c9dition, diffusion dobjets et v\u00eatements promotionnels li\u00e9s \u00e0 nos \u00e9v\u00e8nements. <img decoding=\"async\" src=\"http:\/\/www.culture.gouv.fr\/var\/culture\/storage\/images\/media\/politiques-ministerielles\/mecenat\/images\/galerie-colbert-inha\/76033-3-fre-FR\/Galerie-Colbert-INHA.jpg\" alt=\"cercle des m\u00e9c\u00e8nes des rencontres d arles\" align=\"left\"> Cest avec une certaine tristesse que lon vient dapprendre lannulation de Art-O-Rama 2020 qui devait se tenir les 28, 29 et.. <img decoding=\"async\" src=\"http:\/\/rootcms.elocms.com\/documents\/users\/251\/editor\/alternate_pic\/blog\/tony-france-3-actu.jpg\" alt=\"cercle des m\u00e9c\u00e8nes des rencontres d arles\" align=\"right\"> Collection,Lin Tianmiao Wang Gongxin, Xin Danwen, Gao Bo, Shao Yinong Mu Chen, Hong Li, Hai Bo, Chen Lingyang, Ma Liuming, Hong Hao, Naoya Hatakeyama,,, Adam Bartos,,,,, Nicolas Guiraud,, Lawrence Abu Hamdan, Beneath the Surface, 2015, panneaux en bois avec point sonore a coat of silence, 210 x 105 cm. Lawrence Abu Hamdan Prix du livre : Landscapes 1975-1979 de Lodima Press ; mentions \u00e0 : Walters Edge de Callaway Editions et Aspects of Nature de Iwanami Shoten.<\/p>\n","protected":false},"excerpt":{"rendered":"<p>cercle des m\u00e9c\u00e8nes des rencontres d arles<\/p>\n","protected":false},"author":1,"featured_media":0,"comment_status":"closed","ping_status":"closed","sticky":false,"template":"","format":"standard","meta":{"footnotes":""},"categories":[1],"tags":[],"_links":{"self":[{"href":"https:\/\/dig-stuttgart.de\/info\/wp-json\/wp\/v2\/posts\/5222"}],"collection":[{"href":"https:\/\/dig-stuttgart.de\/info\/wp-json\/wp\/v2\/posts"}],"about":[{"href":"https:\/\/dig-stuttgart.de\/info\/wp-json\/wp\/v2\/types\/post"}],"author":[{"embeddable":true,"href":"https:\/\/dig-stuttgart.de\/info\/wp-json\/wp\/v2\/users\/1"}],"replies":[{"embeddable":true,"href":"https:\/\/dig-stuttgart.de\/info\/wp-json\/wp\/v2\/comments?post=5222"}],"version-history":[{"count":1,"href":"https:\/\/dig-stuttgart.de\/info\/wp-json\/wp\/v2\/posts\/5222\/revisions"}],"predecessor-version":[{"id":5223,"href":"https:\/\/dig-stuttgart.de\/info\/wp-json\/wp\/v2\/posts\/5222\/revisions\/5223"}],"wp:attachment":[{"href":"https:\/\/dig-stuttgart.de\/info\/wp-json\/wp\/v2\/media?parent=5222"}],"wp:term":[{"taxonomy":"category","embeddable":true,"href":"https:\/\/dig-stuttgart.de\/info\/wp-json\/wp\/v2\/categories?post=5222"},{"taxonomy":"post_tag","embeddable":true,"href":"https:\/\/dig-stuttgart.de\/info\/wp-json\/wp\/v2\/tags?post=5222"}],"curies":[{"name":"wp","href":"https:\/\/api.w.org\/{rel}","templated":true}]}}