{"id":5224,"date":"2020-07-03T07:09:11","date_gmt":"2020-07-03T07:09:11","guid":{"rendered":"http:\/\/dig-stuttgart.de\/info\/?p=5224"},"modified":"2020-06-27T16:21:00","modified_gmt":"2020-06-27T16:21:00","slug":"rencontres-berlin-paris-madrid","status":"publish","type":"post","link":"https:\/\/dig-stuttgart.de\/info\/2020\/07\/03\/rencontres-berlin-paris-madrid\/","title":{"rendered":"Rencontres Berlin Paris Madrid"},"content":{"rendered":"<p>Renault.com, \u00c9volution des participations de Renault et PSA Peugeot Citro\u00ebn dans le capital de Soci\u00e9t\u00e9 de Transmissions Automatiques STA et Fran\u00e7aise de M\u00e9canique FM, 26 novembre 2013. S\u00e9clater avec le tout premier jeu vid\u00e9o du Centre Pompidou Seul lItalien, nomm\u00e9 \u00e0 la t\u00eate dun gouvernement de techniciens pour sauver le pays du spectre de la crise de la dette, pr\u00e9cise quil nentend pas intervenir dans la pr\u00e9sidentielle fran\u00e7aise. Le chef du gouvernement Mario Monti nappartenant \u00e0 aucun parti politique, il se garde bien de se m\u00ealer de politique italienne, encore moins de la politique dautres pays, ont ainsi d\u00e9clar\u00e9 \u00e0 lAFP des sources gouvernementales italiennes, jugeant ce pacte compl\u00e8tement fantaisiste, d\u00e9nu\u00e9 de tout fondement, sur Site Internet de lassociation RENAULT HISTOIRE, 16 f\u00e9vrier 2018 consult\u00e9 le 16 f\u00e9vrier 2018. La gr\u00e8ve de commence le aux usines Cl\u00e9on puis le 16 mai \u00e0 Billancourt. Renault est alors occup\u00e9 par ses ouvriers dont de nombreux immigr\u00e9s. La lutte d\u00e9passe le cadre strictement \u00e9conomique : on parle de gouvernement populaire et d. Vous cherchez un shot de verdure et de d\u00e9paysement \u00e0 Paris? Direction le Far Ouest, au bout de la ligne 10, o\u00f9 se cache un lieu magnifique entre village.. 01:07 23:45 23:13 22:41 20:00 19:45 19:39 18:59 18:35 18:25 18:17 18:08 18:01 17:30 17:25 17:15 17:11 16:37 16:23 16:20 La manifestation \u00e9tait dirig\u00e9e par le syndicat des \u00e9tudiants, avec lappui dorganisations \u00e9cologistes. La maire de Madrid, Manuela Carmena, a soutenu via Twitter les jeunes descendus dans la rue : Le futur peut seulement \u00eatre vert et respectueux de la plan\u00e8te. Compte tenu du succ\u00e8s croissant des rassemblements et marches pour le climat dans le pays, la th\u00e9matique \u00e9cologique sera probablement un des th\u00e8mes abord\u00e9s lors des prochaines \u00e9lections g\u00e9n\u00e9rales 28 avril et europ\u00e9ennes, r\u00e9gionales et municipales 26 mai.  finalement mises dacco rd : Paris et Berlin o n t pr\u00e9sent\u00e9 une proposition.. FALSIFICATION : Une s\u00e9ance sur la manipulation politique et la r\u00e9\u00e9criture de lhistoire. La France Nest Plus Du Tout Parmi Les Gagnants ;!! En g\u00e9n\u00e9ral, le ta u x de r e connaissance mentionn\u00e9 est le plus \u00e9lev\u00e9 dans les villes portugaises et espagnoles, mais il varie consid\u00e9rablement entre Lyo n e t Paris, Berlin e t Stuttgart, et Anvers.. G\u00e9n\u00e9ralement articul\u00e9s sur deux semaines, la premi\u00e8re en circuit et la seconde en farniente \u00e0 lh\u00f4tel, ou bien mixant s\u00e9jours \u00e0 lh\u00f4tel et excursions, les combin\u00e9s circuit-s\u00e9jour permettent de d\u00e9couvrir pleinement une destination tout en alliant repos en vacances. \u0416\u043c\u0438 \u041d\u0440\u0430\u0432\u0438\u0442\u0441\u044f\u0438 \u0443\u0437\u043d\u0430\u0432\u0430\u0439\u0442\u0435 \u0432\u0441\u0435 \u0441\u0430\u043c\u043e\u0435 \u0438\u043d\u0442\u0435\u0440\u0435\u0441\u043d\u043e\u0435 \u043f\u0435\u0440\u0432\u044b\u043c\u0438!  Espagne : apr\u00e8s Berlin, Madrid vient chercher un.. <img decoding=\"async\" src=\"http:\/\/www.sauerbruchhutton.de\/images\/FPR_fire_and_policestation.jpg\" alt=\"rencontres berlin paris madrid\" align=\"center\"> <img decoding=\"async\" src=\"http:\/\/www.bouroullec.com\/upload\/medias_site\/f232_erb_2012_folio_bdf_2_medium.jpg\" alt=\"rencontres berlin paris madrid\" align=\"right\">  Les Rencontres Internationales se d\u00e9rouleront \u00e0 Madrid du 23 au 26 mai \u00e0 la Cin\u00e9math\u00e8que Espagnole et \u00e0 la Cineteca-Matadero Madrid. <img decoding=\"async\" src=\"http:\/\/www.argosarts.org\/image_cache\/A97bfda5ede8c45cfab48e919d4073d84\/e2e305a9d3f24054bdc7779deb8401da\/e2e305a9d3f24054bdc7779deb8401da_205_-1_EXImage_0_asin_006.jpg\" alt=\"rencontres berlin paris madrid\" align=\"right\">.<\/p>\n","protected":false},"excerpt":{"rendered":"<p>rencontres berlin paris madrid<\/p>\n","protected":false},"author":1,"featured_media":0,"comment_status":"closed","ping_status":"closed","sticky":false,"template":"","format":"standard","meta":{"footnotes":""},"categories":[1],"tags":[],"_links":{"self":[{"href":"https:\/\/dig-stuttgart.de\/info\/wp-json\/wp\/v2\/posts\/5224"}],"collection":[{"href":"https:\/\/dig-stuttgart.de\/info\/wp-json\/wp\/v2\/posts"}],"about":[{"href":"https:\/\/dig-stuttgart.de\/info\/wp-json\/wp\/v2\/types\/post"}],"author":[{"embeddable":true,"href":"https:\/\/dig-stuttgart.de\/info\/wp-json\/wp\/v2\/users\/1"}],"replies":[{"embeddable":true,"href":"https:\/\/dig-stuttgart.de\/info\/wp-json\/wp\/v2\/comments?post=5224"}],"version-history":[{"count":1,"href":"https:\/\/dig-stuttgart.de\/info\/wp-json\/wp\/v2\/posts\/5224\/revisions"}],"predecessor-version":[{"id":5225,"href":"https:\/\/dig-stuttgart.de\/info\/wp-json\/wp\/v2\/posts\/5224\/revisions\/5225"}],"wp:attachment":[{"href":"https:\/\/dig-stuttgart.de\/info\/wp-json\/wp\/v2\/media?parent=5224"}],"wp:term":[{"taxonomy":"category","embeddable":true,"href":"https:\/\/dig-stuttgart.de\/info\/wp-json\/wp\/v2\/categories?post=5224"},{"taxonomy":"post_tag","embeddable":true,"href":"https:\/\/dig-stuttgart.de\/info\/wp-json\/wp\/v2\/tags?post=5224"}],"curies":[{"name":"wp","href":"https:\/\/api.w.org\/{rel}","templated":true}]}}