{"id":5238,"date":"2020-07-03T18:06:21","date_gmt":"2020-07-03T18:06:21","guid":{"rendered":"http:\/\/dig-stuttgart.de\/info\/?p=5238"},"modified":"2020-06-27T16:30:48","modified_gmt":"2020-06-27T16:30:48","slug":"forum-rencontre-clermont-ferrand","status":"publish","type":"post","link":"https:\/\/dig-stuttgart.de\/info\/2020\/07\/03\/forum-rencontre-clermont-ferrand\/","title":{"rendered":"Forum Rencontre Clermont Ferrand"},"content":{"rendered":"<p> jeu, 06112020-12:00 Mardi 16 juin Journ\u00e9e daction Sant\u00e9 <img decoding=\"async\" src=\"http:\/\/www.embossc.tk\/phototheque\/rugbydivision.com\/1000\/medium\/01W000806A.jpg\" alt=\"forum rencontre clermont ferrand\" align=\"center\"> Vivement que je termine ma th\u00e8se et que je quitte m\u00eame si ce nest pas pour demain :-dom49eg Conna\u00eetre le pass\u00e9 de quelquun te permet de mieux comprendre son pr\u00e9sent et de fermer ta gueule \u00e0 lavenir.  JavaScript est d\u00e9sactiv\u00e9. Pour une meilleure exp\u00e9rience, merci dactiver JavaScript dans ton navigateur avant de continuer. Salut \u00e0 toutes, Je recherche des amies dans le puy de d\u00f4me, avec qui discuter et partager. Et pourquoi pas se faire des sorties.. Demandez le aux casiers salle Chavignier et communiquez vos informations via les casiers donnez vos documents, avec la liste des casiers, aux b\u00e9n\u00e9voles sur place. Auvergne Rh\u00f4ne Alpes Orientation ex Espace Info Jeunes organise, en partenariat avec la ville de Clermont-Ferrand et P\u00f4le Emploi, la 21\u00e8me \u00e9dition du forum Journ\u00e9e Jobs d\u00e9t\u00e9. Le mercredi 1er avril 2020 de 10h \u00e0 17h, une soixantaine demployeurs seront pr\u00e9sents \u00e0 lH\u00f4tel de R\u00e9gion de Clermont-Ferrand et pr\u00e8s de 8 000 postes seront \u00e0 pourvoir pour la saison estivale. Les \u00e9l\u00e8ves de terminales pourront revenir \u00e0 partir du 17 juin 2020 en fonction de leur situation par rapport au baccalaur\u00e9at. Du 8 au 10 mars 2019, l\u00e9quipe r\u00e9gionale des formateurs BAFA-BAFD se r\u00e9unit au Ch\u00e2teau de Theix, pr\u00e8s de Clermont-Ferrand \u00e0 loccasion du Week-end des Mardi 11 f\u00e9vrier 2020, \u00e0 partir de 13h, 13 \u00e9l\u00e8ves et \u00e9tudiants se sont exprim\u00e9s Il y a des milliers de raisons d\u00eatre fi\u00e8re d\u00eatre une femme, fi\u00e8re et heureuse dincarner la natu.. Ici le terme Master quau regard de son identit\u00e9 et de son positionnement international renforc\u00e9s par lexistence Sexe et orientation sexuelle : bi? pas bi? allez savoir.. SaveData: Sauvegarder ma configuration sur les informations collect\u00e9es, Mariokart a \u00e9crit le 14052020 \u00e0 17h52 Histoire sans fin depuis la nuit des temps : les gendarmes qui courent apr\u00e8s les voleurs! Clermont-Ferrand Mardi 29 octobre 2019 et 30 matin <img decoding=\"async\" src=\"http:\/\/www.tdv.itsra.net\/IMG\/cache-314x232\/Anne_Paul_la_vie_est_a_nous_w-314x232.jpg\" alt=\"forum rencontre clermont ferrand\" align=\"right\"> Le GL Sauxillanges recevra le 4 juillet cinq repr\u00e9sentants de la future monnaie locale du massif du Pilat, qui d\u00e9sirent rencontrer des professionnels pour entendre leur exp\u00e9rience de la doume. LEtudiant vous propose, avec cette 4\u00e8me \u00e9dition du Salon Apprentissage, alternance et m\u00e9tiers, un panorama des possibles, quelles que soient votre situation ou vos interrogations. Venez \u00e0 la rencontre des acteurs de la formation et de lorientation de votre r\u00e9gion, \u00e9changez avec eux et obtenez des conseils tout aussi utiles que pr\u00e9cieux. Participez aux ateliers et b\u00e9n\u00e9ficiez de conseils personnalis\u00e9s et consultez les offres de recrutement sur: <img decoding=\"async\" src=\"http:\/\/img15.hostingpics.net\/pics\/46686529711146246476645531750190435n.jpg\" alt=\"forum rencontre clermont ferrand\" align=\"left\"> traitant de tous les domaines de linformatique, du num\u00e9rique et du management. Plan du site Plan de la rubrique sant\u00e9 Sant\u00e9 M\u00e9dicaments Psychologie Nutrition Beaut\u00e9 Mode Forme Sexualit\u00e9 Recettes Environnement  P\u00f4le Emploi, Cap Emploi, lensemble des acteurs du Service Public R\u00e9gional de lOrientation et de lEmploi sont mobilis\u00e9s lors de cette journ\u00e9e. Ils pourront vous recevoir, vous aider \u00e0 faire le point, voire envisager un suivi r\u00e9gulier, une formation professionnelle, formation que vous pourrez \u00e9ventuellement trouver sur place! a classarticle-tag article-tag-actualites data-nameactualites hrefcategorieactualitesActualit\u00e9sa a classannexe-list-item-link target_blank hrefhttps:auvergnerhonealpes-auteurs.orgAuteurs en Auvergne-Rh\u00f4ne-Alpesa p classtitleemLa petite poule rousseemp p classauteurstrong Jean Gourounasstrongp p classediteurL039;Atelier du Poisson Solublep div.<\/p>\n","protected":false},"excerpt":{"rendered":"<p>forum rencontre clermont ferrand<\/p>\n","protected":false},"author":1,"featured_media":0,"comment_status":"closed","ping_status":"closed","sticky":false,"template":"","format":"standard","meta":{"footnotes":""},"categories":[1],"tags":[],"_links":{"self":[{"href":"https:\/\/dig-stuttgart.de\/info\/wp-json\/wp\/v2\/posts\/5238"}],"collection":[{"href":"https:\/\/dig-stuttgart.de\/info\/wp-json\/wp\/v2\/posts"}],"about":[{"href":"https:\/\/dig-stuttgart.de\/info\/wp-json\/wp\/v2\/types\/post"}],"author":[{"embeddable":true,"href":"https:\/\/dig-stuttgart.de\/info\/wp-json\/wp\/v2\/users\/1"}],"replies":[{"embeddable":true,"href":"https:\/\/dig-stuttgart.de\/info\/wp-json\/wp\/v2\/comments?post=5238"}],"version-history":[{"count":1,"href":"https:\/\/dig-stuttgart.de\/info\/wp-json\/wp\/v2\/posts\/5238\/revisions"}],"predecessor-version":[{"id":5239,"href":"https:\/\/dig-stuttgart.de\/info\/wp-json\/wp\/v2\/posts\/5238\/revisions\/5239"}],"wp:attachment":[{"href":"https:\/\/dig-stuttgart.de\/info\/wp-json\/wp\/v2\/media?parent=5238"}],"wp:term":[{"taxonomy":"category","embeddable":true,"href":"https:\/\/dig-stuttgart.de\/info\/wp-json\/wp\/v2\/categories?post=5238"},{"taxonomy":"post_tag","embeddable":true,"href":"https:\/\/dig-stuttgart.de\/info\/wp-json\/wp\/v2\/tags?post=5238"}],"curies":[{"name":"wp","href":"https:\/\/api.w.org\/{rel}","templated":true}]}}