{"id":5242,"date":"2020-07-03T06:46:26","date_gmt":"2020-07-03T06:46:26","guid":{"rendered":"http:\/\/dig-stuttgart.de\/info\/?p=5242"},"modified":"2020-06-27T16:31:45","modified_gmt":"2020-06-27T16:31:45","slug":"rencontre-amicale-activite-metz","status":"publish","type":"post","link":"https:\/\/dig-stuttgart.de\/info\/2020\/07\/03\/rencontre-amicale-activite-metz\/","title":{"rendered":"Rencontre Amicale Activit\u00e9 Metz"},"content":{"rendered":"<p><img decoding=\"async\" src=\"http:\/\/s3.e-monsite.com\/2010\/10\/09\/11\/resize_550_550\/1601023390.jpg\" alt=\"rencontre amicale activit\u00e9 metz\" align=\"left\"> Promouvoir les \u00e9changes culturels entre les pays et les arts. Accro\u00eetre la synergie des comp\u00e9tences en d\u00e9veloppant une approche interactive et pluridisciplinaire Accueil groupes Centres a\u00e9r\u00e9s entreprises, NAP. \u0395\u03af\u03c3\u03c4\u03b5 \u03b5\u03bd\u03c4\u03ac\u03be\u03b5\u03b9 \u03bc\u03b5 \u03c4\u03b1 \u03c7\u03b1\u03bc\u03b7\u03bb\u03ce\u03c4\u03b5\u03c1\u03b1 mAh \u03ba\u03b1\u03b9 \u03ba\u03ac\u03bd\u03b5\u03c4\u03b5 \u03bf\u03b9\u03ba\u03bf\u03bd\u03bf\u03bc\u03af\u03b1 \u03b4\u03b9\u03b1\u03bb\u03ad\u03b3\u03bf\u03bd\u03c4\u03b1\u03c2 \u03bc\u03b9\u03b1 \u03c6\u03b8\u03b7\u03bd\u03cc\u03c4\u03b5\u03c1\u03b7 \u03bc\u03c0\u03b1\u03c4\u03b1\u03c1\u03af\u03b1. Carrefour des Organisations de Jeunesse et dEducation Populaire <img decoding=\"async\" src=\"http:\/\/amicaf-moselle.com\/Photos\/photos-association\/activite.jpg\" alt=\"rencontre amicale activit\u00e9 metz\" align=\"right\"> Vivre avec son partenaire au quotidien nest pas toujours chose facile. Et la crise sanitaire frappant actuellement la plan\u00e8te nous a fait le plaisir.. Du vendredi 11 octobre 2013 au samedi 12 octobre 2013   Aider \u00e0 faire conna\u00eetre des activit\u00e9s essentiellement culturelles, artistiques, sportives ou p\u00e9dagogiques ; et je trouve sociologiquement il ny a rien \u00e0 reprocher de vouloir voir dautres personnes je cherche des personnes pour sortir et faire la f\u00e9te.simple mais j aime rire. Nouveau ou presque et toujours pas de proposition de sortie sur metz Cette association a pour but la promotion des cultures fran\u00e7aise, italienne et dailleurs, \u00e0 travers des manifestations telles que concerts, expositions, conf\u00e9rences, voyages, participation ou financement de cr\u00e9ation duvres artistiques Coucou. Je vie dans un petit village vers Folschviller, Faulquemont. Je suis plut\u00f4t isol\u00e9e et nest pas encore mon permis en cours. Je recherche des rencontres purement amicales dans une tranche dage de 25 \u00e0 40 ans avec qui se balader, diner et sorti en tout genre, discuter, se confier, rire.. Je suis une bonne vivante, tr\u00e8s ouverte desprit, peu timide je suis plut\u00f4t une boutentrain. Jaime cuisiner et les bons vins. Je suis libre les weekend. Merci  Invitation dexperts et de techniciens hauts grad\u00e9s. Adresse : Association Seniors temps libre H\u00f4tel de Gournay 9 rue du Grand Cerf Metz Cherche juste a \u00e9largir mon cercle damis rien dautre. Aimerais vraiment trouve des gens sincere et avoir une amitie a double sens et non a sens unique par t\u00e9l\u00e9phone 06-87-44-21-21 jusquau 6 d\u00e9cembre inclus. LAmicale Philat\u00e9lique de Metz a pour objet de rassembler les philat\u00e9listes, de favoriser et de d\u00e9velopper le go\u00fbt et l\u00e9tude de la philat\u00e9lie aupr\u00e8s du plus grand nombre sous l\u00e9gide de la F\u00e9d\u00e9ration Interessant. Il y a un peu de vrai dans chacun. Cest vrai que je naime pas trop non plus le ton un peu hautain de larticle. <img decoding=\"async\" src=\"http:\/\/gretzpky.gq\/img\/logometz_fb.jpg\" alt=\"rencontre amicale activit\u00e9 metz\" align=\"right\"> LEscapade \u00e0 Amsterdam pour le week-end de lAscension est annul\u00e9 faute dun nombre suffisant de participants.<\/p>\n","protected":false},"excerpt":{"rendered":"<p>rencontre amicale activit\u00e9 metz<\/p>\n","protected":false},"author":1,"featured_media":0,"comment_status":"closed","ping_status":"closed","sticky":false,"template":"","format":"standard","meta":{"footnotes":""},"categories":[1],"tags":[],"_links":{"self":[{"href":"https:\/\/dig-stuttgart.de\/info\/wp-json\/wp\/v2\/posts\/5242"}],"collection":[{"href":"https:\/\/dig-stuttgart.de\/info\/wp-json\/wp\/v2\/posts"}],"about":[{"href":"https:\/\/dig-stuttgart.de\/info\/wp-json\/wp\/v2\/types\/post"}],"author":[{"embeddable":true,"href":"https:\/\/dig-stuttgart.de\/info\/wp-json\/wp\/v2\/users\/1"}],"replies":[{"embeddable":true,"href":"https:\/\/dig-stuttgart.de\/info\/wp-json\/wp\/v2\/comments?post=5242"}],"version-history":[{"count":1,"href":"https:\/\/dig-stuttgart.de\/info\/wp-json\/wp\/v2\/posts\/5242\/revisions"}],"predecessor-version":[{"id":5243,"href":"https:\/\/dig-stuttgart.de\/info\/wp-json\/wp\/v2\/posts\/5242\/revisions\/5243"}],"wp:attachment":[{"href":"https:\/\/dig-stuttgart.de\/info\/wp-json\/wp\/v2\/media?parent=5242"}],"wp:term":[{"taxonomy":"category","embeddable":true,"href":"https:\/\/dig-stuttgart.de\/info\/wp-json\/wp\/v2\/categories?post=5242"},{"taxonomy":"post_tag","embeddable":true,"href":"https:\/\/dig-stuttgart.de\/info\/wp-json\/wp\/v2\/tags?post=5242"}],"curies":[{"name":"wp","href":"https:\/\/api.w.org\/{rel}","templated":true}]}}