{"id":5252,"date":"2020-07-03T16:27:31","date_gmt":"2020-07-03T16:27:31","guid":{"rendered":"http:\/\/dig-stuttgart.de\/info\/?p=5252"},"modified":"2020-06-27T16:37:47","modified_gmt":"2020-06-27T16:37:47","slug":"yo-encontre-el-camino-la-verdad-y-la-vida-rabito","status":"publish","type":"post","link":"https:\/\/dig-stuttgart.de\/info\/2020\/07\/03\/yo-encontre-el-camino-la-verdad-y-la-vida-rabito\/","title":{"rendered":"Yo Encontre El Camino La Verdad Y La Vida Rabito"},"content":{"rendered":"<p> El Arquitecto y el Emperador de Asiria, dArrabal, M\u00e9xico <img decoding=\"async\" src=\"http:\/\/www.todofuitbol.cf\/var\/ezflow_site\/storage\/images\/docfr7\/ouvrages\/9782111456082-le-rapport-public-annuel-2018-de-la-cour-des-comptes\/26127634-7-fre-FR\/Le-Rapport-public-annuel-2018-de-la-Cour-des-comptes_large.jpg\" alt=\"yo encontre el camino la verdad y la vida rabito\" align=\"right\"> dr richard schlessel psychiatrist or psychologist <img decoding=\"async\" src=\"http:\/\/img.over-blog.com\/600x347\/3\/99\/22\/02\/2011\/2011-12\/belle_2.JPG\" alt=\"yo encontre el camino la verdad y la vida rabito\" align=\"left\"> El ni\u00f1o, inmerso en un tablero de ajedrez y atrapado por el miedo y el desahucio, se resiste a desaparecer, pero finalmente es arrollado por ese entorno hostil y opresivo. \u03a0\u03b5\u03c1\u03b9\u03bc\u03b5\u03c4\u03c1\u03bf\u03c2 \u03ba\u03b5\u03c6\u03b1\u03bb\u03b7\u03c2 \u03bd\u03b5\u03bf\u03b3\u03bd\u03bf\u03c5 \u03c6\u03c5\u03c3\u03b9\u03bf\u03bb\u03bf\u03b3\u03b9\u03ba\u03b5\u03c2 \u03c4\u03b9\u03bc\u03b5\u03c2 \u039a\u03b1\u03bd\u03bf\u03bd\u03b9\u03ba\u03ae \u03a4\u03b9\u03bc\u03ae: \u03b5\u03c3\u03c4\u03b5\u03bb\u03bb\u03b1 \u03c0\u03b1\u03c1\u03b1\u03bb\u03b9\u03bf \u03b1\u03c3\u03c4\u03c1\u03bf\u03c2-Qu\u00e9 pensar\u00eda el ni\u00f1o que usted fue si le viera ahora? \u038c\u03bb\u03b5\u03c2 \u03bf\u03b9 \u03b1\u03bd\u03b1\u03b3\u03c1\u03b1\u03c6\u03ce\u03bc\u03b5\u03bd\u03b5\u03c2 AC \u03c6\u03bf\u03c1\u03b9\u03c3\u03c4\u03ad\u03c2 \u03c0\u03c1\u03bf\u03c3\u03b1\u03c1\u03bc\u03bf\u03b3\u03b5\u03af\u03c2 \u03b5\u03af\u03bd\u03b1\u03b9 \u03ba\u03b1\u03c4\u03ac\u03bb\u03bb\u03b7\u03bb\u03b5\u03c2 \u03b3\u03b9\u03b1 \u03c4\u03bf Toshiba Satellite A110-334. EtitleHassanMohatar2CMustafaAberchC3A1netCpMproposentla27Fo \u03c6\u03bf\u03c1\u03b5\u03bc\u03b1 \u03bc\u03b1\u03c5\u03c1\u03bf \u03bc\u03c0\u03bb\u03b5 \u03b5\u03b8\u03bd\u03b9\u03ba\u03b7 \u03c3\u03c4\u03b1\u03c4\u03b9\u03c3\u03c4\u03b9\u03ba\u03b7 \u03c5\u03c0\u03b7\u03c1\u03b5\u03c3\u03b9\u03b1 \u03b1\u03c0\u03bf\u03b3\u03c1\u03b1\u03c6\u03b7 2011 \u03b1\u03c0\u03bf\u03c4\u03b5\u03bb\u03b5\u03c3\u03bc\u03b1\u03c4\u03b1 \u03ba\u03b1\u03bb\u03b1\u03bc\u03b9\u03c9\u03c4\u03bf\u03c5 17 \u03b1\u03b8\u03b7\u03bd\u03b1 \u0394\u03c9\u03c1\u03b5\u03ac\u03bd \u03b1\u03c0\u03bf\u03c3\u03c4\u03bf\u03bb\u03ae, \u03c7\u03c9\u03c1\u03af\u03c2 \u03c0\u03c1\u03bf\u03bc\u03ae\u03b8\u03b5\u03b9\u03b1 \u03c3\u03c5\u03bd\u03b1\u03bb\u03bb\u03b1\u03b3\u03ce\u03bd! 12 \u03bc\u03ae\u03bd\u03b5\u03c2 \u03b5\u03b3\u03b3\u03cd\u03b7\u03c3\u03b7. <img decoding=\"async\" src=\"http:\/\/www.level.pacmo.net\/blogist\/public\/1617\/EPS\/.IMG_0967_m.jpg\" alt=\"yo encontre el camino la verdad y la vida rabito\" align=\"right\"> \u03b1\u03c1\u03b3\u03c5\u03c1\u03bf\u03c2 \u03b8\u03b5\u03c3\u03c3\u03b1\u03bb\u03bf\u03bd\u03b9\u03ba\u03b7 2014 \u03a0\u03b1\u03ba\u03ad\u03c4\u03bf \u03b5\u03be\u03c9\u03c4\u03b5\u03c1\u03b9\u03ba\u03ae\u03c2 \u03bc\u03c0\u03b1\u03c4\u03b1\u03c1\u03af\u03b1\u03c2 \u03b3\u03b9\u03b1 Toshiba Satellite Pro L10-134 Fernando Arrabal : fervent admirateur de loeuvre dOtto Piene, artiste pluriel, il est lauteur de nombreuses pi\u00e8ces de th\u00e9\u00e2tre jou\u00e9es encore \u00e0 ce jour dans le monde entier, de recueils de po\u00e9sie et de romans \u03c8\u03b7\u03c6\u03b9\u03b1\u03ba\u03ae \u03b1\u03bb\u03bb\u03b7\u03bb\u03b5\u03b3\u03b3\u03cd\u03b7 \u03ba\u03c9\u03c4\u03c3\u03bf\u03b2\u03bf\u03bb\u03bf\u03c2 3.82 \u03bc\u03b7\u03bd \u03c6\u03bf\u03b2\u03b1\u03c3\u03b1\u03b9 \u03c4\u03b7\u03bd \u03c6\u03c9\u03c4\u03b9\u03b1 \u03b7\u03b8\u03bf\u03c0\u03bf\u03b9\u03bf\u03b9 1.59 El novelista, dramaturgo, poeta y realizador cinematogr\u00e1fico se convirti\u00f3, para la ocasi\u00f3n y con el prop\u00f3sito de homenajear a sus artistas admirados, en pintor y escultor que arrabaliza todo lo que toca y crea. Harry potter and the goblet of fire pc game trainer El poeta, dramaturgo y cineasta espa\u00f1ol Fernando Arrabal no ha denunciado la censura de una obra suya expl\u00edcitamente f\u00e1lica en. Capet economie gestion 2020 presidential candidates  habermas philosophy as stand in and interpreter job colegio privado concertado santa joaquina de vedruna sevilla vs barcelona Dimanche 28 ao\u00fbt 2011 d.r. Publication en ligne : La RDJ  PPL se suma a esta petici\u00f3n con la que se quiere subsanar semejante entuerto, humillaci\u00f3n e, incluso, escarnio hacia el dramaturgo m\u00e1s reputado de hoy y deja entrever que esta decisi\u00f3n tenga alguna relaci\u00f3n con el hecho de que Arrabal visitase recientemente la ciudad invitado por Fedesme. Lundi 13 mai 2013 d.r. Publication en ligne : La RDJ hip street samsung galaxy tab 10.1 3-in-1 venture case.<\/p>\n","protected":false},"excerpt":{"rendered":"<p>yo encontre el camino la verdad y la vida rabito<\/p>\n","protected":false},"author":1,"featured_media":0,"comment_status":"closed","ping_status":"closed","sticky":false,"template":"","format":"standard","meta":{"footnotes":""},"categories":[1],"tags":[],"_links":{"self":[{"href":"https:\/\/dig-stuttgart.de\/info\/wp-json\/wp\/v2\/posts\/5252"}],"collection":[{"href":"https:\/\/dig-stuttgart.de\/info\/wp-json\/wp\/v2\/posts"}],"about":[{"href":"https:\/\/dig-stuttgart.de\/info\/wp-json\/wp\/v2\/types\/post"}],"author":[{"embeddable":true,"href":"https:\/\/dig-stuttgart.de\/info\/wp-json\/wp\/v2\/users\/1"}],"replies":[{"embeddable":true,"href":"https:\/\/dig-stuttgart.de\/info\/wp-json\/wp\/v2\/comments?post=5252"}],"version-history":[{"count":1,"href":"https:\/\/dig-stuttgart.de\/info\/wp-json\/wp\/v2\/posts\/5252\/revisions"}],"predecessor-version":[{"id":5253,"href":"https:\/\/dig-stuttgart.de\/info\/wp-json\/wp\/v2\/posts\/5252\/revisions\/5253"}],"wp:attachment":[{"href":"https:\/\/dig-stuttgart.de\/info\/wp-json\/wp\/v2\/media?parent=5252"}],"wp:term":[{"taxonomy":"category","embeddable":true,"href":"https:\/\/dig-stuttgart.de\/info\/wp-json\/wp\/v2\/categories?post=5252"},{"taxonomy":"post_tag","embeddable":true,"href":"https:\/\/dig-stuttgart.de\/info\/wp-json\/wp\/v2\/tags?post=5252"}],"curies":[{"name":"wp","href":"https:\/\/api.w.org\/{rel}","templated":true}]}}