{"id":5258,"date":"2020-07-03T18:39:21","date_gmt":"2020-07-03T18:39:21","guid":{"rendered":"http:\/\/dig-stuttgart.de\/info\/?p=5258"},"modified":"2020-06-27T16:40:18","modified_gmt":"2020-06-27T16:40:18","slug":"arrete-municipal-zone-rencontre","status":"publish","type":"post","link":"https:\/\/dig-stuttgart.de\/info\/2020\/07\/03\/arrete-municipal-zone-rencontre\/","title":{"rendered":"Arr\u00eat\u00e9 Municipal Zone Rencontre"},"content":{"rendered":"<p>La circulation de transit et le stationnement des v\u00e9hicules dont le poids total autoris\u00e9 en charge d\u00e9passe 3,5 tonnes sont interdits sur lensemble du territoire de la ville du Chesnay, sauf boulevard Saint-Antoine, route de St-Germain et chemins d\u00e9partementaux 182 E et 173.   Assez daccord avec Florent! Et le coup du v\u00e9lo dessin\u00e9 \u00e0 lenvers ma bien fait rire! La d\u00e9t\u00e9rioration des espaces verts, des parcs et jardins, les d\u00e9jections canines, les graffitis alt\u00e8rent limage de notre ville et par cons\u00e9quent notre cadre de vie. Cest en quelque sorte une Panneau A8 compl\u00e9t\u00e9 par panonceau M5 Stop 2 3-Passage \u00e0 niveau sans barri\u00e8re ni demi-barri\u00e8re muni en position dun panneau Stop AB4 imposant \u00e0 lusager de marquer un temps darr\u00eat avant de franchir le passage \u00e0 niveau. N42 Circulation routi\u00e8re RD 700 de 260220 au 270220 Route bloqu\u00e9e la nuit avec d\u00e9viations <img decoding=\"async\" src=\"http:\/\/www.next-up.org\/images\/Linky_Artemisia_Consommateurs_Lettres_ENEDIS_Maires_1280.jpg\" alt=\"arr\u00eat\u00e9 municipal zone rencontre\" align=\"center\"> Pour veiller \u00e0 la s\u00e9curit\u00e9 des usagers et \u00e0 la commodit\u00e9 de circulation sur la voie publique : <img decoding=\"async\" src=\"http:\/\/www.globalresearch.ca\/wp-content\/uploads\/2016\/04\/poroshenko_proof15.png\" alt=\"arr\u00eat\u00e9 municipal zone rencontre\" align=\"left\"> Pour toutes les raisons \u00e9voqu\u00e9es dans ce courrier, pour toutes les questions que soul\u00e8ve la mise en \u0153uvre de ce dispositif, pour lid\u00e9e que nous nous faisons du vivre ensemble dans notre quartier, nous vous faisons part de notre vive opposition \u00e0 lextension du stationnement payant dans nos rue et vous demandons, au moins, de sursoir \u00e0 sa mise en place. Autorisations portant sur d\u00e9fil\u00e9 aux lampions-spectacle pyrotechnique-vide-greniers les 13-14 juillet-La vitesse de circulation de tous les v\u00e9hicules circulant sur lavenue Blanche de Castille, entre lavenue Th\u00e9ordore de B\u00e8ze et la rue de la Tournelle est limit\u00e9e \u00e0 30 kmh. Les principales art\u00e8res de la ville ne sont pas touch\u00e9es par cette mesure. Avenue de Dunkerque, rue du faubourg des Postes sauf le tron\u00e7on entre la rue du G\u00e9n\u00e9ral de Wett et la rue Simons maintenu en zone 30, faubourg dArras, faubourg de Douai, faubourg de Roubaix, rues du Long Pot et de Bellevue, rues Pierre Legrand et de Lannoy, boulevards Carnot, Lorraine-Moselle, de Strasbourg, Hoover, Victor Hugo, de la Libert\u00e9, Montebello et Vauban resteront au 50 kmh habituel. Monsieur le Responsable des Services Techniques de Daix Panneau E37a. Indication du nom dune \u0153uvre dart et de son auteur sur des voiries o\u00f9 la circulation des pi\u00e9tons est interdite. Vous pouvez ajuster tous les param\u00e8tres de vos cookies en naviguant dans les onglets \u00e0 gauche. ARR\u00caT\u00c9 PERMANENT N102019 PORTANT INTERDICTION DE STATIONNEMENT EN DEHORS DES EMPLACEMENTS PREVUS POUR LES RESIDENCES MOBILES : Jai fait un recours Administratif Pr\u00e9alable aupr\u00e8s de Effia, une suite d\u00e9favorable a \u00e9t\u00e9 prononc\u00e9e.  <img decoding=\"async\" src=\"http:\/\/chennatis.tk\/get\/img\/cocktailslist\/68-berry-collins.jpg\" alt=\"arr\u00eat\u00e9 municipal zone rencontre\" align=\"center\"> Panneau D74b. Pr\u00e9signalisation compl\u00e9mentaire de bifurcation autorouti\u00e8re ne comportant pas de num\u00e9ros dautoroutes-marques relatives au rappel dune vitesse maximale autoris\u00e9e : elles sont constitu\u00e9es en section courante du nombre appropri\u00e9 dilat\u00e9 et entour\u00e9 dune ellipse. Elles ne sont utilis\u00e9es que comme un compl\u00e9ment \u00e0 une signalisation verticale. En continuant, vous acceptez la politique de confidentialit\u00e9 Le registre sup\u00e9rieur des panneaux D31 int\u00e8gre une fl\u00e8che oblique orient\u00e9e vers le bas et peut comporter :-le symbole d\u00e9changeur SE2b ou SE2c avec lindication de la distance restant \u00e0 parcourir jusquau prochain \u00e9changeur pour le panneau D63c. Plaquette E54c. El\u00e9ment de rep\u00e9rage hectom\u00e9trique utilis\u00e9 sur les voies communales, de forme rectangulaire, pr\u00e9sentant le nom de litin\u00e9raire et des indications de rep\u00e9rage longitudinal sur fond blanc. M\u00c9DIATH\u00c8QUE LODYSS\u00c9E : r\u00e9ouverture au public mardi 16 juin \u00e0 15h selon des horaires et modalit\u00e9s dacc\u00e8s adapt\u00e9s.<\/p>\n","protected":false},"excerpt":{"rendered":"<p>arr\u00eat\u00e9 municipal zone rencontre<\/p>\n","protected":false},"author":1,"featured_media":0,"comment_status":"closed","ping_status":"closed","sticky":false,"template":"","format":"standard","meta":{"footnotes":""},"categories":[1],"tags":[],"_links":{"self":[{"href":"https:\/\/dig-stuttgart.de\/info\/wp-json\/wp\/v2\/posts\/5258"}],"collection":[{"href":"https:\/\/dig-stuttgart.de\/info\/wp-json\/wp\/v2\/posts"}],"about":[{"href":"https:\/\/dig-stuttgart.de\/info\/wp-json\/wp\/v2\/types\/post"}],"author":[{"embeddable":true,"href":"https:\/\/dig-stuttgart.de\/info\/wp-json\/wp\/v2\/users\/1"}],"replies":[{"embeddable":true,"href":"https:\/\/dig-stuttgart.de\/info\/wp-json\/wp\/v2\/comments?post=5258"}],"version-history":[{"count":1,"href":"https:\/\/dig-stuttgart.de\/info\/wp-json\/wp\/v2\/posts\/5258\/revisions"}],"predecessor-version":[{"id":5259,"href":"https:\/\/dig-stuttgart.de\/info\/wp-json\/wp\/v2\/posts\/5258\/revisions\/5259"}],"wp:attachment":[{"href":"https:\/\/dig-stuttgart.de\/info\/wp-json\/wp\/v2\/media?parent=5258"}],"wp:term":[{"taxonomy":"category","embeddable":true,"href":"https:\/\/dig-stuttgart.de\/info\/wp-json\/wp\/v2\/categories?post=5258"},{"taxonomy":"post_tag","embeddable":true,"href":"https:\/\/dig-stuttgart.de\/info\/wp-json\/wp\/v2\/tags?post=5258"}],"curies":[{"name":"wp","href":"https:\/\/api.w.org\/{rel}","templated":true}]}}