{"id":5260,"date":"2020-07-03T13:32:42","date_gmt":"2020-07-03T13:32:42","guid":{"rendered":"http:\/\/dig-stuttgart.de\/info\/?p=5260"},"modified":"2020-06-27T16:42:06","modified_gmt":"2020-06-27T16:42:06","slug":"rencontre-imam","status":"publish","type":"post","link":"https:\/\/dig-stuttgart.de\/info\/2020\/07\/03\/rencontre-imam\/","title":{"rendered":"Rencontre Imam"},"content":{"rendered":"<p> You can email the site owner to let them know you were blocked. Please include what you were doing when this page came up and the Cloudflare Ray ID found at the bottom of this page. <img decoding=\"async\" src=\"http:\/\/www.pageshalal.fr\/images\/formation_les_sentiers_du_mariage_2eme_partie_de_la_thematique_la_rencontre_du_futur_conjoint_la_mouqabalah.jpg\" alt=\"rencontre imam\" align=\"left\"> Rencontre avec Bernard Ravet, auteur du livre Principal de coll\u00e8ge ou Imam de la R\u00e9publique Le secr\u00e9taire g\u00e9n\u00e9ral du Conseil europ\u00e9en des oul\u00e9mas marocains, Khalid Hajji, a expliqu\u00e9, dans une d\u00e9claration \u00e0 la MAP, que cette rencontre intervient pour \u00e9clairer lopinion publique europ\u00e9enne et dire que contrairement aux id\u00e9es v\u00e9hicul\u00e9es dans les m\u00e9dias, le Saint Coran livre un message de paix pr\u00f4nant la culture du vivre-ensemble. \u00c9tablir lordre dans lequel un visiteur visite les diff\u00e9rentes pages de notre site web Je trouve que cest une tr\u00e8s bonne initiative qui nexistait pas ailleurs \u00e0 ma connaissance alors quelle manque cruellement dans notre communaut\u00e9. Ils le disent cest donc quils le sont! ou les pi\u00e8ges du discours de lobjet Attention, si vous le d\u00e9sactivez, vous ne pourrez plus partager le contenu. <img decoding=\"async\" src=\"http:\/\/files.newsnetz.ch\/story\/1\/9\/8\/19807007\/3\/topelement.jpg\" alt=\"rencontre imam\" align=\"right\"> <img decoding=\"async\" src=\"http:\/\/1.ip-5-135-148.eu\/images\/al-bokhari.jpg\" alt=\"rencontre imam\" align=\"left\"> Consultez les articles de la rubrique international, Ils le disent cest donc quils le sont! ou les pi\u00e8ges du discours de lobjet  Le grand imam de linfluente institution sunnite Al-Azhar, Ahmad Al-Tayeb, a rencontr\u00e9 mardi \u00e0 Rome le pape Fran\u00e7ois et promis la plus grande collaboration dans la lutte contre le terrorisme.  plus de personne. Apr\u00e8s avoir rempli votre profil vous avez le Ces cookies sont utilis\u00e9s pour rassembler des informations sur lutilisation que Nous vous invitons \u00e0 mettre Yabiladi.com en whitelist ou bien vous inscrire si dessous. La seconde rencontre et point dorgue de cette relation entre les deux chefs religieux a eu lieu le 28 avril dernier, lors de la venue du pape Fran\u00e7ois dans les locaux de la mosqu\u00e9e-universit\u00e9 du Caire. Devant un auditoire de repr\u00e9sentants religieux, il avait prononc\u00e9 un discours d\u00e9quilibre et sans concession, appelant \u00e0 \u00e9duquer les jeunes g\u00e9n\u00e9rations et \u00e0 rejeter toute violence au nom de Dieu comme une falsification cath.chimediaxlnbh D\u00e9j\u00e0 engag\u00e9 dans une offensive sans pr\u00e9c\u00e9dent contre la CPI, fond\u00e9e en 2002 pour juger les pires atrocit\u00e9s commises \u00e0 travers le monde, le pr\u00e9sident am\u00e9ricain Donald Trump a encore hauss\u00e9 le ton jeudi en annon\u00e7ant des sanctions \u00e9conomiques pour dissuader la juridiction de poursuivre des militaires am\u00e9ricains pour leur implication dans le conflit en Afghanistan. Quon utilise des services offerts par des tiers pour pouvoir vous montrer des publicit\u00e9s.<\/p>\n","protected":false},"excerpt":{"rendered":"<p>rencontre imam<\/p>\n","protected":false},"author":1,"featured_media":0,"comment_status":"closed","ping_status":"closed","sticky":false,"template":"","format":"standard","meta":{"footnotes":""},"categories":[1],"tags":[],"_links":{"self":[{"href":"https:\/\/dig-stuttgart.de\/info\/wp-json\/wp\/v2\/posts\/5260"}],"collection":[{"href":"https:\/\/dig-stuttgart.de\/info\/wp-json\/wp\/v2\/posts"}],"about":[{"href":"https:\/\/dig-stuttgart.de\/info\/wp-json\/wp\/v2\/types\/post"}],"author":[{"embeddable":true,"href":"https:\/\/dig-stuttgart.de\/info\/wp-json\/wp\/v2\/users\/1"}],"replies":[{"embeddable":true,"href":"https:\/\/dig-stuttgart.de\/info\/wp-json\/wp\/v2\/comments?post=5260"}],"version-history":[{"count":1,"href":"https:\/\/dig-stuttgart.de\/info\/wp-json\/wp\/v2\/posts\/5260\/revisions"}],"predecessor-version":[{"id":5261,"href":"https:\/\/dig-stuttgart.de\/info\/wp-json\/wp\/v2\/posts\/5260\/revisions\/5261"}],"wp:attachment":[{"href":"https:\/\/dig-stuttgart.de\/info\/wp-json\/wp\/v2\/media?parent=5260"}],"wp:term":[{"taxonomy":"category","embeddable":true,"href":"https:\/\/dig-stuttgart.de\/info\/wp-json\/wp\/v2\/categories?post=5260"},{"taxonomy":"post_tag","embeddable":true,"href":"https:\/\/dig-stuttgart.de\/info\/wp-json\/wp\/v2\/tags?post=5260"}],"curies":[{"name":"wp","href":"https:\/\/api.w.org\/{rel}","templated":true}]}}