{"id":5280,"date":"2020-07-03T15:04:41","date_gmt":"2020-07-03T15:04:41","guid":{"rendered":"http:\/\/dig-stuttgart.de\/info\/?p=5280"},"modified":"2020-06-27T16:53:31","modified_gmt":"2020-06-27T16:53:31","slug":"prostituee-paquis","status":"publish","type":"post","link":"https:\/\/dig-stuttgart.de\/info\/2020\/07\/03\/prostituee-paquis\/","title":{"rendered":"Prostitu\u00e9e Paquis"},"content":{"rendered":"<p>En attendant la rentr\u00e9e et les articles des \u00e9tudiants actuels sur lavanc\u00e9e de leurs projets de recherche, nous vous proposons un article sur le travail de deux dipl\u00f4m\u00e9es de la vol\u00e9e 2014-2016 : Marion Destraz et S\u00e9verine Gaudard Points positifs: Lit confortable, emplacement, PDJ pas mal P-S. A laune de lattentat de la semaine derni\u00e8re contre un journal \u00e0 Paris, ces deux sujets pourront para\u00eetre quelque peu \u00e9loign\u00e9s de lactualit\u00e9 aux yeux de certains. Ils ne le sont pas et montrent que la libert\u00e9 dagir,de travailler, de penser et tout simplement d\u00eatre diff\u00e9rent doit continuer de primer sur les diktats de toutes sortes. Comme toutes les r\u00e9dactions du monde, Migros Magazine porte le deuil. Entre Dos Mundos Aspasie mise principalement sur la pr\u00e9vention en mati\u00e8re de sant\u00e9. Comment cela se passe-t-il? Lhiver arrive. Il devient dur de passer toute la nuit dehors en petite tenue. Rassembl\u00e9es \u00e0 lappel de Black Lives Matter Suisse romande. 09.06.2020 20:45 <img decoding=\"async\" src=\"http:\/\/nash-ville.hotels-geneva.org\/data\/Photos\/767x460\/4383\/438379\/438379341.JPEG\" alt=\"prostitu\u00e9e paquis\" align=\"left\"> Prostitu\u00e9es, presque en bonne sant\u00e9 mais souvent agress\u00e9es D\u00e9but 1942, l\u00e9quipe collaborationniste de Radio Paris engage Jean H\u00e9rold-Paquis afin de muscler les discours collaborationnistes anti juifs, anti franc-ma\u00e7on et anti anglais. H\u00e9rold-Paquis a trente ans, il est journaliste, cest un intellectuel de droite, extr\u00e9miste qui consid\u00e8re le r\u00e9gime de Vichy comme trop mou. Points positifs: Convenient location and friendly staff Points positifs: H\u00f4tel vieillot. Personnel tout juste poli et pas sympathique. Points n\u00e9gatifs: No kettle in room. Hotel strong smell of raod tar Rafael Pe\u00f1a un autre responsable dInterpol, pr\u00e9cise, en outre, que ce commerce saccompagne dautres activit\u00e9s d\u00e9lictuelles, comme le blanchiment dargent ou le trafic de drogue. Le Temps, Le trafic d\u00eatre humains, un march\u00e9 de 32 milliards de dollars, Jeudi 24 octobre 2013 Points positifs: Good breakfast. Quiet and cosy place.  Ci-dessous, la vid\u00e9o tourn\u00e9e en ao\u00fbt 2013 pour le webdoc : Dommage que les fran\u00e7aises soit fran\u00e7aises \ud83d\ude21 Heureusement quelles ont encore des sites comme www.facegirl.ch pour se d\u00e9marquer et tenter de proposer des services diff\u00e9rents de la masse espagnole envahissant le territoire helv\u00e9tique. <img decoding=\"async\" src=\"http:\/\/memgoforlag.tk\/upload\/podcasts\/photos\/first\/5b7f0c9eaf5054.71220695_mini.jpg\" alt=\"prostitu\u00e9e paquis\" align=\"left\"> Confort-Climatisation, le chauffage et service de m\u00e9nage quotidien <img decoding=\"async\" src=\"http:\/\/www.hotelroomsearch.net\/im\/hotels\/fr\/le-paquis-7.jpg\" alt=\"prostitu\u00e9e paquis\" align=\"right\">  .<\/p>\n","protected":false},"excerpt":{"rendered":"<p>prostitu\u00e9e paquis<\/p>\n","protected":false},"author":1,"featured_media":0,"comment_status":"closed","ping_status":"closed","sticky":false,"template":"","format":"standard","meta":{"footnotes":""},"categories":[1],"tags":[],"_links":{"self":[{"href":"https:\/\/dig-stuttgart.de\/info\/wp-json\/wp\/v2\/posts\/5280"}],"collection":[{"href":"https:\/\/dig-stuttgart.de\/info\/wp-json\/wp\/v2\/posts"}],"about":[{"href":"https:\/\/dig-stuttgart.de\/info\/wp-json\/wp\/v2\/types\/post"}],"author":[{"embeddable":true,"href":"https:\/\/dig-stuttgart.de\/info\/wp-json\/wp\/v2\/users\/1"}],"replies":[{"embeddable":true,"href":"https:\/\/dig-stuttgart.de\/info\/wp-json\/wp\/v2\/comments?post=5280"}],"version-history":[{"count":1,"href":"https:\/\/dig-stuttgart.de\/info\/wp-json\/wp\/v2\/posts\/5280\/revisions"}],"predecessor-version":[{"id":5281,"href":"https:\/\/dig-stuttgart.de\/info\/wp-json\/wp\/v2\/posts\/5280\/revisions\/5281"}],"wp:attachment":[{"href":"https:\/\/dig-stuttgart.de\/info\/wp-json\/wp\/v2\/media?parent=5280"}],"wp:term":[{"taxonomy":"category","embeddable":true,"href":"https:\/\/dig-stuttgart.de\/info\/wp-json\/wp\/v2\/categories?post=5280"},{"taxonomy":"post_tag","embeddable":true,"href":"https:\/\/dig-stuttgart.de\/info\/wp-json\/wp\/v2\/tags?post=5280"}],"curies":[{"name":"wp","href":"https:\/\/api.w.org\/{rel}","templated":true}]}}