{"id":5286,"date":"2020-07-03T18:40:43","date_gmt":"2020-07-03T18:40:43","guid":{"rendered":"http:\/\/dig-stuttgart.de\/info\/?p=5286"},"modified":"2020-06-27T16:57:05","modified_gmt":"2020-06-27T16:57:05","slug":"rencontre-calvi","status":"publish","type":"post","link":"https:\/\/dig-stuttgart.de\/info\/2020\/07\/03\/rencontre-calvi\/","title":{"rendered":"Rencontre Calvi"},"content":{"rendered":"<p>Poulot, D 1998. Patrimoine et modernit\u00e9, Paris, lHarmattan. A la rencontre des personnels DGAC dAjaccio, Figari, Bastia, Calvi R\u00e9\u00e9couter On se confine avec Orhan Pamuk pour parler dIstanbul, de Flaubert, et dune myst\u00e9rieuse femme aux cheveux roux.. \u00c9couter 59 min 59 min Nous nous connaissons depuis longtemps avec Gillette. Le 21 septembre 2010, le comit\u00e9 syndical du Pays de Balagne a pris une d\u00e9lib\u00e9ration prescrivant le SCoT de Balagne et pr\u00e9cisant les modalit\u00e9s de la concertation tout au long de son \u00e9laboration : Elle rec\u00e8le de belles \u0153uvres dart tr\u00e8s anciennes : les fonts baptismaux et le ma\u00eetre-autel en marbre polychrome, le triptyque dans labside du et le Christ Noir des Miracles enferm\u00e9 dans une niche vitr\u00e9e dans lautel de facture italienne \u00e0 droite du ch\u0153ur qui aurait tellement impressionn\u00e9 les Turcs en 1555 quils lev\u00e8rent le si\u00e8ge de la ville. \u00c0 gauche de lautel, la chapelle d\u00e9di\u00e9e \u00e0 Notre-Dame du Rosaire orn\u00e9e dun autel en marbre. De chaque c\u00f4t\u00e9 du retable se dressent deux colonnes torses de marbre noir. <img decoding=\"async\" src=\"http:\/\/tecjhn.ga\/wp-content\/uploads\/2018\/07\/Webp.net-resizeimage-72-225x150.jpg\" alt=\"rencontre calvi\" align=\"center\"> Apr\u00e8s un bref passage sous la domination du roi, qui prend la ville apr\u00e8s lavoir en 1420, Calvi passe en sous le contr\u00f4le de l qui lentoure de solides murailles dune citadelle, notamment pour se prot\u00e9ger d\u00e9ventuelles attaques de Pise. Sans h\u00e9siter Ad\u00e8le Haenel, je la trouve magnifique, et sauvage, aussi, jaimerais bien retourner avec lui, et sinon Jacques Audiard, C\u00e9line Sallette, Et voil\u00e0! La plage est bord\u00e9e d\u00e9tablissements baln\u00e9aires o\u00f9 lon peut se restaurer les pieds dans leau, mais qui ne loccupent que tr\u00e8s partiellement. Pr\u00e9sence d\u00e9coles de voile, de plong\u00e9e et de locations dengins nautiques, de courts de tennis, dun parc Aventure et dun parcours sportif. La voie des qui passe entre plage et pin\u00e8de, comporte pas moins de six arr\u00eats pour le train des plages. <img decoding=\"async\" src=\"http:\/\/farm4.staticflickr.com\/3420\/3892874667_3622bbcfeb_z.jpg\" alt=\"rencontre calvi\" align=\"right\"> <img decoding=\"async\" src=\"http:\/\/scrat.hellocoton.fr\/img\/classic\/le-rtl-check-quand-calvi-rencontre-ruquier-tout-14735314.jpg\" alt=\"rencontre calvi\" align=\"center\">  L\u00e9glise paroissiale Sainte-Marie Majeure est class\u00e9e Monument historique. Charles-Jacob Marchal Calvi 1815-1875, professeur agr\u00e9g\u00e9 dHygi\u00e8ne \u00e0 la facult\u00e9 de Paris. A publi\u00e9 une \u00e9tude sur les eaux thermales de Corse en 1855. La d\u00e9fense, elle, a tent\u00e9 de faire un autre proc\u00e8s, celui dune enqu\u00eate de gendarmerie, b\u00e2cl\u00e9e selon eux. Les avocats se sont acharn\u00e9s sur les gendarmes appel\u00e9s \u00e0 la barre. Leur reprochant d\u00e9videntes faiblesses dans la proc\u00e9dure, des oublis de v\u00e9rifications \u00e9l\u00e9mentaires, ils nont toutefois jamais r\u00e9ussi \u00e0 mettre r\u00e9ellement en difficult\u00e9 les deux enqu\u00eateurs. Une br\u00e8ve tentative pour d\u00e9tourner le feu vers la victime absente par dhabiles sous-entendus sur sa moralit\u00e9 de la part dun avocat tournera court. Un test, sans doute, avant les plaidoiries. Un autre avocat tendra \u00e0 plusieurs reprises un pi\u00e8ge au pr\u00e9sident, tentant de faire lire la d\u00e9position dun t\u00e9moin avant son audition par la cour \u00e0 la barre. Un cas de cassation \u00e9ventuel, que le pr\u00e9sident saura \u00e9viter au prix de quelques haussements de ton. Les d\u00e9bats devraient se poursuivre aujourdhui avec lexamen des pi\u00e8ces \u00e0 conviction, et une prolongation pr\u00e9visible de laudience jusqu\u00e0 jeudi. Le contenu r\u00e9dactionnel du site web www.corsevent.com appartient exclusivement \u00e0 la soci\u00e9t\u00e9 CORSEVENT. Cette derni\u00e8re poss\u00e8de les droits exclusifs dexploitation des photographies, ilustrations et vid\u00e9os pr\u00e9sentes sur le site web www.corsevent.com. Toute reproduction, totale ou partielle, est formellement interdite. La station de Calvi \u00e9tait \u00e9quip\u00e9e depuis le dune vedette de 1 re classe : longueur 13,30 m, largeur 4,18 m, puissance des moteurs 2 x 340 ch, immatricul\u00e9e SNS 128 et baptis\u00e9e Notre-Dame de La Serra. Acc\u00e8s Wifi gratuit zones communes d\u00e9termin\u00e9es chambres.  Retrouvez le r\u00e9sum\u00e9 vid\u00e9o, propos\u00e9 par FFF TV, apr\u00e8s la rencontre Gaz\u00e9lec FC Ajaccio Pau FC 2-1, match comptant Profitant de la derni\u00e8re collecte de sang organis\u00e9e au complexe sportif, le Rotary Calvi-Balagne a offert une tonnelle mobile d\u00e9montable \u00e0 lassociation des Donneurs de Sang de Calvi et de lEtablissement Fran\u00e7ais du Sang pour sabriter du soleil lors des collectes r\u00e9alis\u00e9es l\u00e9t\u00e9.  17-12-2012 : Approbation en Comit\u00e9 Syndical du document La Balagne dans le mod\u00e8le de d\u00e9veloppement de la Corse conjointement \u00e9labor\u00e9 par le syndicat mixte et le conseil de d\u00e9veloppement-Cheveux : Blond-167 cm-Statut civil: C\u00e9libataire-Silhouette : Athl\u00e9tique Vol Calvi pas cher \u00e0 partir de 139 avec Alibabuy.com Kit b\u00e9b\u00e9 : pr\u00eat de lit, baignoire pour les b\u00e9b\u00e9s jusqu\u00e0 2 ans ; chaise haute pour b\u00e9b\u00e9 et rehausseur \u00e0 disposition.<\/p>\n","protected":false},"excerpt":{"rendered":"<p>rencontre calvi<\/p>\n","protected":false},"author":1,"featured_media":0,"comment_status":"closed","ping_status":"closed","sticky":false,"template":"","format":"standard","meta":{"footnotes":""},"categories":[1],"tags":[],"_links":{"self":[{"href":"https:\/\/dig-stuttgart.de\/info\/wp-json\/wp\/v2\/posts\/5286"}],"collection":[{"href":"https:\/\/dig-stuttgart.de\/info\/wp-json\/wp\/v2\/posts"}],"about":[{"href":"https:\/\/dig-stuttgart.de\/info\/wp-json\/wp\/v2\/types\/post"}],"author":[{"embeddable":true,"href":"https:\/\/dig-stuttgart.de\/info\/wp-json\/wp\/v2\/users\/1"}],"replies":[{"embeddable":true,"href":"https:\/\/dig-stuttgart.de\/info\/wp-json\/wp\/v2\/comments?post=5286"}],"version-history":[{"count":1,"href":"https:\/\/dig-stuttgart.de\/info\/wp-json\/wp\/v2\/posts\/5286\/revisions"}],"predecessor-version":[{"id":5287,"href":"https:\/\/dig-stuttgart.de\/info\/wp-json\/wp\/v2\/posts\/5286\/revisions\/5287"}],"wp:attachment":[{"href":"https:\/\/dig-stuttgart.de\/info\/wp-json\/wp\/v2\/media?parent=5286"}],"wp:term":[{"taxonomy":"category","embeddable":true,"href":"https:\/\/dig-stuttgart.de\/info\/wp-json\/wp\/v2\/categories?post=5286"},{"taxonomy":"post_tag","embeddable":true,"href":"https:\/\/dig-stuttgart.de\/info\/wp-json\/wp\/v2\/tags?post=5286"}],"curies":[{"name":"wp","href":"https:\/\/api.w.org\/{rel}","templated":true}]}}