{"id":5294,"date":"2020-07-03T17:17:27","date_gmt":"2020-07-03T17:17:27","guid":{"rendered":"http:\/\/dig-stuttgart.de\/info\/?p=5294"},"modified":"2020-06-27T17:00:07","modified_gmt":"2020-06-27T17:00:07","slug":"rencontre-de-petrarque-france-culture","status":"publish","type":"post","link":"https:\/\/dig-stuttgart.de\/info\/2020\/07\/03\/rencontre-de-petrarque-france-culture\/","title":{"rendered":"Rencontre De P\u00e9trarque France Culture"},"content":{"rendered":"<p>Georges SABY-Qigong universel-Trait\u00e9 d\u00e9nerg\u00e9tique chinoise AFP-L\u00e9conomiste Julia Cag\u00e9 a re\u00e7u vendredi le prix P\u00e9trarque de lessai d\u00e9cern\u00e9 par France Culture et Le Monde pour son livre Le prix de la d\u00e9mocratie Fayard. <img decoding=\"async\" src=\"http:\/\/ademonice06.com\/wp-content\/uploads\/2018\/01\/rencontre-1024x687.jpg\" alt=\"rencontre de p\u00e9trarque france culture\" align=\"left\"> Recevez chaque vendredi le meilleur de France Musique! <img decoding=\"async\" src=\"http:\/\/www.lycee-petrarque.fr\/IMG\/jpg\/DSCN0569.jpg\" alt=\"rencontre de p\u00e9trarque france culture\" align=\"right\">  <img decoding=\"async\" src=\"http:\/\/revuelimite.fr\/wp-content\/uploads\/2017\/07\/product_9782070146406_195x320-185x300.jpg\" alt=\"rencontre de p\u00e9trarque france culture\" align=\"left\"> Inclure les num\u00e9ros non disponible en t\u00e9l\u00e9chargement? Une vid\u00e9o Radio France La Pixellerie Productions-Manuel LIUTKUS 2010 Le Festival Radio France Occitanie Montpellier est un annuel de musique qui se d\u00e9roule au mois de juillet dans la r\u00e9gion, \u00e0 et dans plusieurs communes de la. 21 d\u00e9cembre 2017, France Culture, Les Matins, pr\u00e9sent\u00e9e par G Erner. Le Bouillon Racine, un de ces derniers repr\u00e9sentants des \u00e9tablissements populaires cr\u00e9\u00e9s par les fr\u00e8res Chartier au milieu du dix-neuvi\u00e8me si\u00e8cle pour une client\u00e8le croissante douvriers et demploy\u00e9s assur\u00e9s dun plat unique et dun bouillon, cet \u00e9l\u00e9gant restaurant, vieilli, ne pouvait plus accueillir France Culture, ce fut le tour et la chance dun caf\u00e9 latino-am\u00e9ricain, El Sur, boulevard St Germain, on boit du mat\u00e9. Les rencontres se nomment Travaux publics, on y retrouve Jean Lebrun avec Mathieu Garrigou-Lagrange, Alexis Patostef.. Et quelques auditeurs habitu\u00e9s. Je me d\u00e9pla\u00e7ais en fonction de linvit\u00e9 ; l\u00e9cologie, le fait politique me passionnent et minqui\u00e8tent. Jai un souvenir \u00e9mu de Florence  Seuls pourront \u00eatre re\u00e7us au rectorat les usagers ayant contact\u00e9 au pr\u00e9alable le service concern\u00e9 et disposant dun rendez-vous accept\u00e9. Le JavaScript semble \u00eatre d\u00e9sactiv\u00e9 sur votre navigateur. Elle est lauteure de Sauver les m\u00e9dias. Capitalisme, financement participatif et d\u00e9mocratie Le Seuil, 2015, de Linformation \u00e0 tout prix avec N. Herv\u00e9 et M-L. Viaud, INA, 2017 et plus r\u00e9cemment de lessai Le prix de la d\u00e9mocratie Fayard, 2018.  D\u00e9clin des institutions, crise des experts, remise en cause des discours scientifiques : lindividu d\u00e9mocratique manifeste une d\u00e9fiance croissante \u00e0 l\u00e9gard des paroles l\u00e9gitimes. Il est temps de se demander pourquoi. Cest de cette fa\u00e7on que a introduit cette XXV e \u00e9dition des Rencontres de P\u00e9trarque dans la le\u00e7on inaugurale prononc\u00e9e lundi 19 juillet, \u00e0 Montpellier. Rabelais, Quart Livre Cat\u00e9gories Cat\u00e9gories Mots-clefs Jai engag\u00e9 la reconfiguration des Matins, avec Guillaume Erner, pour leur permettre de brasser davantage encore les id\u00e9es dans leur extr\u00eame diversit\u00e9. Je constate que cette place donn\u00e9e aux id\u00e9es nous singularise dans loffre audiovisuelle, qui investit peu ce domaine. Notre chance, au sein dune antenne comme la n\u00f4tre, pluraliste et de service public, cest de d\u00e9cliner une gamme doffre \u00e9ditoriale vari\u00e9e et compl\u00e8te qui nous permet de r\u00e9pondre au grand d\u00e9sarroi id\u00e9ologique qui domine aujourdhui. Si vous avez dautres id\u00e9es pour am\u00e9liorer le site et son contenu.. Cette adresse e-mail est prot\u00e9g\u00e9e contre les robots spammeurs. Vous devez activer le JavaScript pour la visualiser.!<\/p>\n","protected":false},"excerpt":{"rendered":"<p>rencontre de p\u00e9trarque france culture<\/p>\n","protected":false},"author":1,"featured_media":0,"comment_status":"closed","ping_status":"closed","sticky":false,"template":"","format":"standard","meta":{"footnotes":""},"categories":[1],"tags":[],"_links":{"self":[{"href":"https:\/\/dig-stuttgart.de\/info\/wp-json\/wp\/v2\/posts\/5294"}],"collection":[{"href":"https:\/\/dig-stuttgart.de\/info\/wp-json\/wp\/v2\/posts"}],"about":[{"href":"https:\/\/dig-stuttgart.de\/info\/wp-json\/wp\/v2\/types\/post"}],"author":[{"embeddable":true,"href":"https:\/\/dig-stuttgart.de\/info\/wp-json\/wp\/v2\/users\/1"}],"replies":[{"embeddable":true,"href":"https:\/\/dig-stuttgart.de\/info\/wp-json\/wp\/v2\/comments?post=5294"}],"version-history":[{"count":1,"href":"https:\/\/dig-stuttgart.de\/info\/wp-json\/wp\/v2\/posts\/5294\/revisions"}],"predecessor-version":[{"id":5295,"href":"https:\/\/dig-stuttgart.de\/info\/wp-json\/wp\/v2\/posts\/5294\/revisions\/5295"}],"wp:attachment":[{"href":"https:\/\/dig-stuttgart.de\/info\/wp-json\/wp\/v2\/media?parent=5294"}],"wp:term":[{"taxonomy":"category","embeddable":true,"href":"https:\/\/dig-stuttgart.de\/info\/wp-json\/wp\/v2\/categories?post=5294"},{"taxonomy":"post_tag","embeddable":true,"href":"https:\/\/dig-stuttgart.de\/info\/wp-json\/wp\/v2\/tags?post=5294"}],"curies":[{"name":"wp","href":"https:\/\/api.w.org\/{rel}","templated":true}]}}