{"id":5312,"date":"2020-07-03T18:13:12","date_gmt":"2020-07-03T18:13:12","guid":{"rendered":"http:\/\/dig-stuttgart.de\/info\/?p=5312"},"modified":"2020-06-27T17:06:02","modified_gmt":"2020-06-27T17:06:02","slug":"rencontre-annuelle-des-musulmans-du-nord-6eme-edition","status":"publish","type":"post","link":"https:\/\/dig-stuttgart.de\/info\/2020\/07\/03\/rencontre-annuelle-des-musulmans-du-nord-6eme-edition\/","title":{"rendered":"Rencontre Annuelle Des Musulmans Du Nord 6\u00e8me \u00c9dition"},"content":{"rendered":"<p><img decoding=\"async\" src=\"http:\/\/grair.decalogics.be\/images\/V2.jpg\" alt=\"rencontre annuelle des musulmans du nord 6\u00e8me \u00e9dition\" align=\"right\"> Une conf\u00e9rence internationale sur la gestion de la p\u00e9nurie deau aura lieu du 4 au 6 octobre 2018 \u00e0 Agadir. Cette conf\u00e9rence est organis\u00e9e \u00e0 linitiative de linstitut agronomique et v\u00e9t\u00e9rinaire Hassan II. La th\u00e9matique retenue est : Gestion de la p\u00e9nurie de leau au niveau des bassins versant : innovations et d\u00e9veloppement durable. Lobjectif de cette rencontre est de cr\u00e9er une plateforme d\u00e9change sur les questions relatives \u00e0 la p\u00e9nurie deau. Ce samedi 26 octobre 2019, le Document final du synode sur lAmazonie a \u00e9t\u00e9 enti\u00e8rement approuv\u00e9 par les p\u00e8res synodaux. Nathalie Becquart, consultrice pour le Secr\u00e9tariat g\u00e9n\u00e9ral du Synode, le d\u00e9crypte pour nous en 11 mots-cl\u00e9s. Ce s\u00e9minaire aura lieu \u00e0 Marrakech et regroupera des op\u00e9rateurs, et des usagers de leau dans la r\u00e9gion. Les objectifs vis\u00e9s sont : Socialement, Lille a toujours \u00e9t\u00e9 une ville de contrastes. En tant que cit\u00e9 marchande, lorsque lopulence des c\u00f4toie la pr\u00e9carit\u00e9 de la condition des artisans et la mis\u00e8re du petit peuple, mais surtout en tant que cit\u00e9 industrielle. Cest certainement la ville qui a incarn\u00e9 en France les ravages sociaux de lindustrialisation et la paup\u00e9risation des classes laborieuses. Lille tient ainsi une place de choix dans le Tableau de l\u00e9tat physique et moral des ouvriers employ\u00e9s dans les manufactures de coton, de laine et de soie publi\u00e9 en 1840 par et cest apr\u00e8s un passage \u00e0 Lille en 1851 que \u00e9crit le po\u00e8me des Joyeuse vie et son c\u00e9l\u00e8bre vers Caves de Lille! on meurt sous vos plafonds de pierre!. Ainsi, de 1850 jusqu\u00e0 la, 8 \u00e0 9 de la population lilloise, constitu\u00e9e dindustriels, n\u00e9gociants, propri\u00e9taires et professions lib\u00e9rales, d\u00e9tient entre 88 et 91 de la fortune de la cit\u00e9 tandis que les classes populaires, qui repr\u00e9sentent pr\u00e8s des deux tiers de la population, nen contr\u00f4lent quune part inf\u00e9rieure \u00e0 1. Les relations entre les catholiques am\u00e9ricains et le pr\u00e9sident Donald Trump ne sont pas au beau fixe depuis le d\u00e9but de laffaire Floyd. La visite du pr\u00e9sident devant l\u00e9glise St John \u00e0 Washington lundi dernier na dailleurs pas arrang\u00e9 les choses. Explications avec Blandine Chelini-Pont, professeur des universit\u00e9s en histoire contemporaine. Le d\u00e9r\u00e8glement climatique est devenu tangible pour tout le monde du fait de laugmentation des \u00e9v\u00e8nements extr\u00eames en nombre et en fr\u00e9quence. Le Comit\u00e9 21 a organis\u00e9 le 30 mars 2017 un d\u00e9bat consacr\u00e9 aux derni\u00e8res dispositions juridiques en mati\u00e8re de RSE : Devoir de vigilance, pr\u00e9judice \u00e9cologique, actions de groupe, lanceurs dalerte de nouvelles obligations pour la RSE. Axe 2 : RIVALITES ET ACCOMMODEMENTS : RELATIONS INTERNATIONALES, DIPLOMATIE ET GUERRE Lieu : MSH Ange-Gu\u00e9pin-5, All\u00e9e Jacques Berque 44000 Nantes-Salle de conf\u00e9rence S\u00e9minaire organis\u00e9 par lIRIS, avec le soutien de la D\u00e9l\u00e9gation aux Affaires strat\u00e9giques du minist\u00e8re de la D\u00e9fense, autour de trois th\u00e9matiques :-Les r\u00e9gimes de sanctions et les embargos sur les armes-Vuln\u00e9rabilit\u00e9 des r\u00e9gimes des sanctions-Vers un renforcement de la mise en \u0153uvre effective des embargos sur les armes <img decoding=\"async\" src=\"http:\/\/www.ikhwan.whoswho\/wp-content\/uploads\/2016\/12\/capture-decran-2016-12-25-a-11-08-21.jpg\" alt=\"rencontre annuelle des musulmans du nord 6\u00e8me \u00e9dition\" align=\"right\"> Les programmes ANR Afrodescendants et esclavages : domination, identification et h\u00e9ritages dans les Am\u00e9riques 15\u00e8me-21\u00e8me si\u00e8cles et europ\u00e9en Slave Trade, Slavery abolitions and their legacies in european histories and identities 7 e PCRD ont permis de penser les ph\u00e9nom\u00e8nes de lesclavage et de la traite de fa\u00e7on globalis\u00e9e. Le projet STARACO permettra de questionner la notion de libert\u00e9 dans les soci\u00e9t\u00e9s europ\u00e9ennes, africaines et am\u00e9ricaines o\u00f9 les esclaves repr\u00e9sentaient une minorit\u00e9 importante. Il sagira d\u00e9tudier la centralit\u00e9 de lesclavage et des autres formes de travail contraint dans des soci\u00e9t\u00e9s o\u00f9 il existe une grande graduation de d\u00e9pendance. La subjectivit\u00e9 et l\u00e9volution de la condition de libre seront interrog\u00e9es. En Europe elle est \u00e9troitement li\u00e9e aux statuts des affranchis et des lib\u00e9r\u00e9s dans la soci\u00e9t\u00e9. En p\u00e9ninsule Ib\u00e9rique, lint\u00e9gration des descendants desclaves africains influe sur la d\u00e9finition de la naturalit\u00e9, \u00e0 savoir la condition des individus n\u00e9s sur un territoire et les droits qui y sont associ\u00e9s. Lav\u00e8nement de soci\u00e9t\u00e9s multiculturelles conduit \u00e0 terme \u00e0 une dissociation entre nationalit\u00e9 et citoyennet\u00e9. La puret\u00e9 ou limpuret\u00e9 du sang des anc\u00eatres et lorigine non chr\u00e9tienne du fondateur du lignage saccompagnent de la mise en place de politiques discriminantes destin\u00e9es \u00e0 exclure des droits politiques sur une base juridique et \u00e0 enfermer dans une condition de d\u00e9pendant des groupes entiers de la population ib\u00e9rique. La l\u00e9gitimation dune sous-citoyennet\u00e9 par limpuret\u00e9 du lignage ou lascendance non libre des anc\u00eatres construisit de nouvelles identit\u00e9s en relation avec la nation, la race, la couleur, la religion. Les libres purent \u00eatre majoritaires ou minoritaires en fonction des soci\u00e9t\u00e9s ; les droits qui y \u00e9taient attach\u00e9s n\u00e9taient pas les m\u00eames dans les soci\u00e9t\u00e9s dAncien R\u00e9gime europ\u00e9ennes, dans les soci\u00e9t\u00e9s multiethniques africaines ou dans les soci\u00e9t\u00e9s coloniales des Am\u00e9riques. Nous chercherons donc \u00e0 penser la relativit\u00e9 de la notion de libre en Europe, en Afrique et aux Am\u00e9rique. La confrontation des terrains denqu\u00eate des chercheurs qui int\u00e8grent le projet STARACO et la convocation de diff\u00e9rentes traditions historiographiques permettront de poser la fragilit\u00e9 de la notion de libert\u00e9 et la multiplicit\u00e9 des formes desclavage. Maitreya worship in Tibet. Religion between art and politics Conf\u00e9rence de Olaf Czaja Universit\u00e9 de Leipzig le mercredi 28 novembre 2018 de 4-16h dans le s\u00e9minaire du Centre d\u00e9tudes mongoles et sib\u00e9riennes, 54 boulevard Raspail, salle P1-01B1-10.. , sur liberation.fr consult\u00e9 le 30 octobre 2017. Sous le Haut Patronage de Sa Majest\u00e9 le Roi Mohamed VI, le salon Grain Milling Expo se tiendra les 4 et 5 octobre 2017 \u00e0 lOffice des Foires et Expositions de Casablanca, sous le th\u00e8me Le Maroc, plateforme de d\u00e9veloppement de la fili\u00e8re c\u00e9r\u00e9ali\u00e8re en Afrique <img decoding=\"async\" src=\"http:\/\/www.exsitwec.ga\/images\/album\/Jeunesse\/Forum_metiers_2017\/affiche_comp.jpg\" alt=\"rencontre annuelle des musulmans du nord 6\u00e8me \u00e9dition\" align=\"center\"> Date-limite denvoi des propositions de communications : 15 avril 2015 99Les Annales des Tang d\u00e9crivent, aux vii e et viii e si\u00e8cles, la route suivie par leurs jonques depuis Kwangchau Canton jusqu\u00e0 lEuphrates. En 851, le marchand Sulayman atteste que lon chargeait \u00e0 Sir\u00e2f les marchandises sur les bateaux chinois qui allaient \u00e0 la m\u00eame \u00e9poque \u00e0 Aden ; ils allaient probablement aussi sur les c\u00f4tes de lAfrique \u00e0 la recherche divoire et de cornes de rhinoc\u00e9ros. Asie bri cn contrats-multipartites cooperation-internationale domaines-de-droit droit-chinois droit-des-affaires droit-prive droit-public europe evenements financements-de-projets fr monde reglementation reglements-des-differends securite-juridique union-europeenne   Devoir.Expliquer les mots et les phrases iocompris 12. Je prends plaisir \u00e0 voir voleter les abeilles. T, 2. 3 et 4 13. Je fais semblant de ae pas entendre ce quon me dit. 1,3 et 4 14. Je d\u00e9sire que vous partagiez mon opinion. 1, 2, 3 et 4 15. Je nai rien que je naie re\u00e7u iPuis interrog.: Ai-je rien, ete.<\/p>\n","protected":false},"excerpt":{"rendered":"<p>rencontre annuelle des musulmans du nord 6\u00e8me \u00e9dition<\/p>\n","protected":false},"author":1,"featured_media":0,"comment_status":"closed","ping_status":"closed","sticky":false,"template":"","format":"standard","meta":{"footnotes":""},"categories":[1],"tags":[],"_links":{"self":[{"href":"https:\/\/dig-stuttgart.de\/info\/wp-json\/wp\/v2\/posts\/5312"}],"collection":[{"href":"https:\/\/dig-stuttgart.de\/info\/wp-json\/wp\/v2\/posts"}],"about":[{"href":"https:\/\/dig-stuttgart.de\/info\/wp-json\/wp\/v2\/types\/post"}],"author":[{"embeddable":true,"href":"https:\/\/dig-stuttgart.de\/info\/wp-json\/wp\/v2\/users\/1"}],"replies":[{"embeddable":true,"href":"https:\/\/dig-stuttgart.de\/info\/wp-json\/wp\/v2\/comments?post=5312"}],"version-history":[{"count":1,"href":"https:\/\/dig-stuttgart.de\/info\/wp-json\/wp\/v2\/posts\/5312\/revisions"}],"predecessor-version":[{"id":5313,"href":"https:\/\/dig-stuttgart.de\/info\/wp-json\/wp\/v2\/posts\/5312\/revisions\/5313"}],"wp:attachment":[{"href":"https:\/\/dig-stuttgart.de\/info\/wp-json\/wp\/v2\/media?parent=5312"}],"wp:term":[{"taxonomy":"category","embeddable":true,"href":"https:\/\/dig-stuttgart.de\/info\/wp-json\/wp\/v2\/categories?post=5312"},{"taxonomy":"post_tag","embeddable":true,"href":"https:\/\/dig-stuttgart.de\/info\/wp-json\/wp\/v2\/tags?post=5312"}],"curies":[{"name":"wp","href":"https:\/\/api.w.org\/{rel}","templated":true}]}}