{"id":5334,"date":"2020-07-03T19:47:24","date_gmt":"2020-07-03T19:47:24","guid":{"rendered":"http:\/\/dig-stuttgart.de\/info\/?p=5334"},"modified":"2020-06-27T17:11:17","modified_gmt":"2020-06-27T17:11:17","slug":"rencontre-granby-qc","status":"publish","type":"post","link":"https:\/\/dig-stuttgart.de\/info\/2020\/07\/03\/rencontre-granby-qc\/","title":{"rendered":"Rencontre Granby Qc"},"content":{"rendered":"<p>Afin de contrer la pand\u00e9mie actuelle de la COVID-19 et dans le souci de prot\u00e9ger la sant\u00e9 et la s\u00e9curit\u00e9 publiques, Noburo invite ses membres et utilisateurs \u00e0 privil\u00e9gier le t\u00e9l\u00e9travail et les personnes non-membres \u00e0 prendre rendez-vous avant de se pr\u00e9senter dans ses locaux, et ce, pour une p\u00e9riode minimale de deux semaines, soit <img decoding=\"async\" src=\"http:\/\/cdn.purple.fr\/ad337e7f688bb5b6551a39de1f698786\/static.purple.fr\/2018\/03\/Normandie_44440011-copie-300x199.jpg\/300x300\/Normandie_44440011-copie-300x199.jpg\" alt=\"rencontre granby qc\" align=\"left\"> Voil\u00e0, je suis ici comme vous tous et je recherche Avec Francis Cabrel, cest juste fou! Cest trop beau pour \u00eatre vrai! <img decoding=\"async\" src=\"http:\/\/images.lpcdn.ca\/924x615\/201303\/01\/655362-harmonie-saisons-concert-palace-granby.jpg\" alt=\"rencontre granby qc\" align=\"left\"> bonjour je recherche un homme de 18 a 50 ans un homme mince de Granby je suis un homme propre honte gentil je me d\u00e9place juste a Granby je pesse.. Si le Lavallois dorigine joue r\u00e9guli\u00e8rement aux quilles et au billard, il constate que plusieurs a\u00een\u00e9s qui lentourent sortent beaucoup moins de leur domicile. Le retrait\u00e9 esp\u00e8re dabord et avant tout, avec le Club de rencontres en f\u00eate, contribuer \u00e0 ce que ceux-ci brisent leur isolement et profitent dune sortie en bonne compagnie. Philippe Schnobb, pr\u00e9sident du conseil dadministration de la Soci\u00e9t\u00e9 de transport de Montr\u00e9al Rencontre avec une talentueuse artiste originaire du Saguenay. Son s\u00e9jour dans le village de Francis Cabrel constitue une exp\u00e9rience inoubliable, synonyme de nouvelles collaborations artistiques. Voire de remise en question de sa mani\u00e8re de cr\u00e9er Explications.  <img decoding=\"async\" src=\"http:\/\/blog.clares.com.br\/wp-content\/uploads\/2317973.png\" alt=\"rencontre granby qc\" align=\"left\"> Bel homme de 36 ans cherche femme de belle apparence afin de samuser sexuellement. 6p2 190 lbs cheveux et yeux bruns, athl\u00e9tique Dabord, les personnes dun m\u00eame m\u00e9nage constituent les premiers membres du cercle social. Cest \u00e0 ce nombre que les membres pourront ajouter des proches, jusqu\u00e0 un maximum de dix personnes. Appel t\u00e9l\u00e9phonique concernant le comit\u00e9 de travail de la desserte maritime des \u00celes-de-la-Madeleine Sylvain Bergeron, maire de Saint-Pierre-de-l\u00cele-dOrl\u00e9ans salut je suis sophie franacaise et je suis interesser  Excellent service! Tr\u00e8s bonne nourriture, portions g\u00e9n\u00e9reuses, livraison impeccable. Mathieu Fraser, directeur projet et affaires gouvernementales chez SODES Toujours tr\u00e8s populaire, la que vous trouverez chez Mazda St-Hyacinthe, est plus belle que jamais avec son fascinant design Kodo qui capturer l\u00e2me du mouvement. La nouvelle conception de son habitacle r\u00e9duit les bruits de la route et diminue votre niveau de stress et de fatigue. Cliquez sur le bouton modifier pour changer ce texte. Lorem ipsum dolor sit amet, consectetur adipiscing elit. Ut elit tellus, luctus nec ullamcorper mattis, pulvinar dapibus leo. Je ne le connaissais pas et quelle belle surprise! Tr\u00e8s bon pr\u00e9dicateur, le Seigneur \u00e9tait palpable quand il parle  canot, jaime admirer la nature, les montagnes, le Notre \u00e9quipe compte plusieurs m\u00e9decins sp\u00e9cialistes qui nous permettent de r\u00e9pondre \u00e0 divers besoins m\u00e9dicaux. Entre autres, nous offrons des soins de dermatologie, dendocrinologie, de gyn\u00e9cologie, de chirurgie et de neurochirurgie priv\u00e9s. Solidaires, en pri\u00e8re: \u00e9couter, prier, soutenir D\u00e9couvrez des moyens concrets Bonjour, je mappelle Melissa Je suis une superbe belle femme,quebecoise de 23 ans,100lbs,5p4.Sensuelle et douce de nature La douceur de ma peau.. Compos\u00e9 de 4 chansons, confronte limmensit\u00e9 du monde \u00e0 lindividu hant\u00e9 par des pens\u00e9es quil int\u00e9riorise sans jamais les exprimer. Sest par ailleurs entour\u00e9 dune solide \u00e9quipe pour la production du EP. On retrouve notamment Vann Delorey The Seasons, Pascale Picard, Ghostly Kisses, Floes et ling\u00e9nieur du mastering, Chris Gehringer Drake, Lady Gaga, Rihanna, Chromeo, du studio Sterling Sound de New York. Javais le d\u00e9sir de revenir en France, javais beaucoup aim\u00e9 la mani\u00e8re dont les Fran\u00e7ais travaillent, surtout au niveau cr\u00e9atif. Les Fran\u00e7ais sont tr\u00e8s cr\u00e9atifs dans les textes, les jeux de mots, les interventions entre les chansons, ils font attention dans tous les domaines. Chez nous au Qu\u00e9bec, cest beaucoup plus musical et moins les textes. On na pas la m\u00eame fa\u00e7on de travailler. Sean Finn, vice-pr\u00e9sident ex\u00e9cutif et chef de la direction des affaires juridiques du CN Conseil dadministration : Thomas Grondin, Caroline Boileau, Michel Arcouette, Caroline Gagn\u00e9, Yves Gendreau, Murielle Dupuis-Larose, Ronald Richard.<\/p>\n","protected":false},"excerpt":{"rendered":"<p>rencontre granby qc<\/p>\n","protected":false},"author":1,"featured_media":0,"comment_status":"closed","ping_status":"closed","sticky":false,"template":"","format":"standard","meta":{"footnotes":""},"categories":[1],"tags":[],"_links":{"self":[{"href":"https:\/\/dig-stuttgart.de\/info\/wp-json\/wp\/v2\/posts\/5334"}],"collection":[{"href":"https:\/\/dig-stuttgart.de\/info\/wp-json\/wp\/v2\/posts"}],"about":[{"href":"https:\/\/dig-stuttgart.de\/info\/wp-json\/wp\/v2\/types\/post"}],"author":[{"embeddable":true,"href":"https:\/\/dig-stuttgart.de\/info\/wp-json\/wp\/v2\/users\/1"}],"replies":[{"embeddable":true,"href":"https:\/\/dig-stuttgart.de\/info\/wp-json\/wp\/v2\/comments?post=5334"}],"version-history":[{"count":1,"href":"https:\/\/dig-stuttgart.de\/info\/wp-json\/wp\/v2\/posts\/5334\/revisions"}],"predecessor-version":[{"id":5335,"href":"https:\/\/dig-stuttgart.de\/info\/wp-json\/wp\/v2\/posts\/5334\/revisions\/5335"}],"wp:attachment":[{"href":"https:\/\/dig-stuttgart.de\/info\/wp-json\/wp\/v2\/media?parent=5334"}],"wp:term":[{"taxonomy":"category","embeddable":true,"href":"https:\/\/dig-stuttgart.de\/info\/wp-json\/wp\/v2\/categories?post=5334"},{"taxonomy":"post_tag","embeddable":true,"href":"https:\/\/dig-stuttgart.de\/info\/wp-json\/wp\/v2\/tags?post=5334"}],"curies":[{"name":"wp","href":"https:\/\/api.w.org\/{rel}","templated":true}]}}