{"id":5380,"date":"2020-07-03T11:18:11","date_gmt":"2020-07-03T11:18:11","guid":{"rendered":"http:\/\/dig-stuttgart.de\/info\/?p=5380"},"modified":"2020-06-27T17:28:26","modified_gmt":"2020-06-27T17:28:26","slug":"rencontre-arvieux","status":"publish","type":"post","link":"https:\/\/dig-stuttgart.de\/info\/2020\/07\/03\/rencontre-arvieux\/","title":{"rendered":"Rencontre Arvieux"},"content":{"rendered":"<p>Pour ses services rendus \u00e0 l\u00e9glise, notamment la protection quil obtient pour les religieux du mont Carmel, le pape, apr\u00e8s lavoir nomm\u00e9 \u00e9v\u00eaque du Caire, ce quil d\u00e9clina, le qualifie dans un autre de Magnanime Protecteur de l\u00c9glise Catholique de lOrient, et quil lui est permis, par concession du Saint Si\u00e8ge, dajouter \u00e0 ses Armes celles de J\u00e9rusalem. Les Arvidants paient des taxes et contributions sur l\u00e9lectricit\u00e9, qui repr\u00e9sentent \u00e0 peu pr\u00e8s 30 de la facture d\u00e9nergie. La Taxe sur la Consommation Finale dElectricit\u00e9 dArvieux s\u00e9l\u00e8ve \u00e0 9.2 MWh, donc 96 du taux maximum autoris\u00e9 par la loi. Ceci revient \u00e0 un montant annuel de 38.1, tandis que ceci s\u00e9l\u00e8ve \u00e0 56.39903 an \u00e0 Ch\u00e2teau-Ville-Vieille.  Depuis 2005, \u00e9tablis \u00e0 Gap, Pierre-Yves et Genevi\u00e8ve partageaient leur temps entre la capitale haut-alpine et Ceillac, tr\u00e8s impliqu\u00e9s, ici et l\u00e0, dans la vie paroissiale et associative. Janine et Paul, les propri\u00e9taires Afficher les avis suppl\u00e9mentaires <img decoding=\"async\" src=\"http:\/\/www.terresdeprovence.org\/marches-potiers\/arvieux_05\/images\/demo%20tournage1.jpg\" alt=\"rencontre arvieux\" align=\"left\"> <img decoding=\"async\" src=\"http:\/\/3.bp.blogspot.com\/-ef1gqNLyjK8\/VLzTc_BaMRI\/AAAAAAAAAVw\/GlGvOoNNsf0\/s1600\/affiche%2Bclub%2Blecture%2B20-01-2015%2Bcopie.jpg\" alt=\"rencontre arvieux\" align=\"right\"> LA MARIEE AUX PIEDS NUS SUR INSTAGRAMInstagram a retourn\u00e9 des donn\u00e9es invalides. De son \u00e9poque, comme Henri Dutilleux ou Pierre Boulez, en hommage \u00e0 Paul Sacher. Dautres h\u00f4tels dans ce secteur peuvent \u00eatre trouv\u00e9s sur la cartenbsp;:: <img decoding=\"async\" src=\"http:\/\/gocvind.gq\/img\/common\/2048x2048\/033177.jpg\" alt=\"rencontre arvieux\" align=\"right\"> Grille tarifaire des tarifs r\u00e9glement\u00e9s HPHC \u00e0 Arvieux  Les informations recueillies font lobjet dun traitement informatique destin\u00e9 \u00e0 g\u00e9rer votre compte, Dans une r\u00e9sidence de tr\u00e8s bon confort, profitez des vertus dun s\u00e9jour relaxant au sein dun patrimoine naturel et culturel qui vous offrira la garantie dune escapade entre d\u00e9paysement et bien-\u00eatre. Loin des tumultes des grandes stations, toute la famille pourra profiter de la montagne estivale en sadonnant aux multiples activit\u00e9s propos\u00e9es par la station village dAbri\u00e8s. Les Marmottes est un chalet situ\u00e9 au coeur du Parc r\u00e9gional du Queyras.. Vall\u00e9e de lIzoard. Site du village : http:www.arvieux-izoard.com Nous mettons \u00e0 votre disposition toutes nos bonnes adresses, guides et tous les contacts utiles pour passer un excellent s\u00e9jour dans notre chalet.. \u00c9t\u00e9 comme hiver. D\u00e9paysement et repos garantis. La station dArvieux vous permettra de vous adonner aux joies du ski alpin, du ski de fond 80 km de pistes et du ski de randonn\u00e9e. Le forfait de la station comprend lacc\u00e8s aux 6 autres stations composant lensemble du domaine skiable du Queyras. Ce chalet familial construit par notre Grand P\u00e8re a \u00e9t\u00e9 rachet\u00e9 par notre famille. Nous lavons restaur\u00e9 en gardant le style et en am\u00e9liorant le confort! Pour vous donner une id\u00e9e de lesprit de nos maisons, nous vous invitons \u00e0 prendre connaissance de notre annonce sur le m\u00eame site Homelidays : annonce N293840 de notre maison en Poitou. Esp\u00e9rons vous faire d\u00e9couvrir notre chalet et sa magnifique r\u00e9gion! \u00e0 tr\u00e8s bient\u00f4t! Pr\u00e9venez moi de tous les nouveaux commentaires sioupl\u00e9! Des formalit\u00e9s aupr\u00e8s du service des eaux de Arvieux peuvent \u00eatre n\u00e9cessaires \u00e0 larriv\u00e9e \u00e0 Arvieux. Cest le cas notamment en cas demm\u00e9nagement dans une maison, car la distribution est directement rattach\u00e9e au compteur deau. Afin de sabonner \u00e0 leau, il est possible de se mettre en relation avec Arvieux par t\u00e9l\u00e9phone au 33 4 92 46 72 81 ou \u00e0 ladresse suivante : La Ville 05350 Arvieux. Pierre-Yves, toujours discret, \u00e9tait tr\u00e8s actif au sein de lassociation des Amis de Ceillac dont Genevi\u00e8ve assurait la comptabilit\u00e9. Son exp\u00e9rience professionnelle comme la s\u00fbret\u00e9 de son jugement \u00e9taient tr\u00e8s appr\u00e9ci\u00e9s.  den ma\u00eetriser toutes les fonctions et les r\u00e9glages. Hautes-Alpes 05, Regional Natural Park of Queyras, Arvieux, pass of Izoard lagriculture de montagne. Les villages ont su conserver leur caract\u00e8re Cet avis est lopinion subjective dun membre de TripAdvisor et non de TripAdvisor LLC. Le Queyras est majoritairement protestant, entre 50 et 70 de la population, au XVI\u00e8me si\u00e8cle. LEglise catholique prend des mesures de r\u00e9torsion entrainant des repr\u00e9sailles des protestants. Ainsi Lesdigui\u00e8res prendra Fort Queyras le 10 octobre 1587. Mais lEdit de Nantes promulgu\u00e9 par Henri IV converti ram\u00e8ne la paix. Sa r\u00e9vocation entraine la vente et la d\u00e9molition des temples dans le Queyras. Certains seront reconstruits tels ceux de St V\u00e9ran, Fontgillarde et Pierre Grosse en 1787 puis \u00e0 Arvieux en 1885.Les dragons du roi obtiennent des conversions d\u00e8s septembre 1685, 120 \u00e0 Arvieux en 8 jours ainsi que la majorit\u00e9 de la population de Molines. Dans les familles on sorganise : lain\u00e9 se convertit pour garder les biens, les autres partent en exil, en secret, au mieux avec une b\u00eate de somme, par les cols les moins surveill\u00e9s, les Thures, Malaure, Traversette ou Lacroix Difficile \u00e0 savoir car ils ne laisseront aucune traceDes fili\u00e8res dimmigrations naissent soutenues par les communaut\u00e9s suisses ainsi que par lAllemagne o\u00f9 des princes avaient fait savoir quils offraient des terres. Cest ainsi que sont fond\u00e9s par les \u00e9migr\u00e9s une bonne trentaine de villages. Ils ont apport\u00e9 leurs savoir-faire : la construction de vo\u00fbte, tricoter des chaussettes, la dentelle, la culture de la pomme de terre Marion vient d\u00eatre admise 1\u00e8re nomm\u00e9e \u00e0 lAcad\u00e9mie internationale SIBELIUS en Finlande dont la classe daccord\u00e9on est consid\u00e9r\u00e9e comme lune des meilleures du monde. Les r\u00e9sidents des EHPAD de Savines, Guillestre, Aiguilles et Embrun Les Chanterelles se sont donn\u00e9s RDV aujourdhui au Centre Hospitalier dAiguilles, pour une lecture anim\u00e9e des fables de La Fontaine! 6 R\u00e9sidents de lEHPAD Les Sabots de V\u00e9nus ont ainsi fait la lecture de la fable Le loup et lagneau de Jean de La.<\/p>\n","protected":false},"excerpt":{"rendered":"<p>rencontre arvieux<\/p>\n","protected":false},"author":1,"featured_media":0,"comment_status":"closed","ping_status":"closed","sticky":false,"template":"","format":"standard","meta":{"footnotes":""},"categories":[1],"tags":[],"_links":{"self":[{"href":"https:\/\/dig-stuttgart.de\/info\/wp-json\/wp\/v2\/posts\/5380"}],"collection":[{"href":"https:\/\/dig-stuttgart.de\/info\/wp-json\/wp\/v2\/posts"}],"about":[{"href":"https:\/\/dig-stuttgart.de\/info\/wp-json\/wp\/v2\/types\/post"}],"author":[{"embeddable":true,"href":"https:\/\/dig-stuttgart.de\/info\/wp-json\/wp\/v2\/users\/1"}],"replies":[{"embeddable":true,"href":"https:\/\/dig-stuttgart.de\/info\/wp-json\/wp\/v2\/comments?post=5380"}],"version-history":[{"count":1,"href":"https:\/\/dig-stuttgart.de\/info\/wp-json\/wp\/v2\/posts\/5380\/revisions"}],"predecessor-version":[{"id":5381,"href":"https:\/\/dig-stuttgart.de\/info\/wp-json\/wp\/v2\/posts\/5380\/revisions\/5381"}],"wp:attachment":[{"href":"https:\/\/dig-stuttgart.de\/info\/wp-json\/wp\/v2\/media?parent=5380"}],"wp:term":[{"taxonomy":"category","embeddable":true,"href":"https:\/\/dig-stuttgart.de\/info\/wp-json\/wp\/v2\/categories?post=5380"},{"taxonomy":"post_tag","embeddable":true,"href":"https:\/\/dig-stuttgart.de\/info\/wp-json\/wp\/v2\/tags?post=5380"}],"curies":[{"name":"wp","href":"https:\/\/api.w.org\/{rel}","templated":true}]}}