{"id":5406,"date":"2020-07-03T06:11:21","date_gmt":"2020-07-03T06:11:21","guid":{"rendered":"http:\/\/dig-stuttgart.de\/info\/?p=5406"},"modified":"2020-06-27T17:39:49","modified_gmt":"2020-06-27T17:39:49","slug":"projet-rencontre-inaq","status":"publish","type":"post","link":"https:\/\/dig-stuttgart.de\/info\/2020\/07\/03\/projet-rencontre-inaq\/","title":{"rendered":"Projet Rencontre Inaq"},"content":{"rendered":"<p> Les enjeux de la formation des acteurs de lagriculture 1760-1945: actes du..-Michel Boulet-Google Books-5000 an pour les apprentis de-de 18 ans et 8000 an pour les de 18 ans. -Ajout de 4 pays suppl\u00e9mentaires : Oman, Rwanda, Tanzania, Uganda. Certes, le discours social \u00e0 destination des classes populaires est toujours pr\u00e9sent mais il c\u00e8de rapidement le pas dans les ann\u00e9es 1980 face au qui touche la droite fran\u00e7aise, du Front national au RPR. Conf\u00e9rence de presse de Jacques Chirac, apr\u00e8s avoir donn\u00e9 sa d\u00e9mission du gouvernement de Valery Giscard dEstaing le, 25 ao\u00fbt 1976, \u00e0 Paris. AFP Dans le cadre du festival Pariscience qui se d\u00e9roulera du 26 au 31 octobre 2018, Ushua\u00efa TV et lAssociation Science T\u00e9l\u00e9vision AST renouvellent leur partenari Aussi, la Maison de lImage poursuit plusieurs objectifs : En acceptant ce cookie, vous nous aidez \u00e0 am\u00e9liorer notre site internet. Anim\u00e9e par : Matilde Meslin journaliste ind\u00e9pendante, sp\u00e9cialiste de la radio et du podcast-Pr\u00e9sentation dun plan de soutien public conjoncturel pour les entreprises technologiques de 1,2 Mds Collection dentretiens diffus\u00e9s pendant la p\u00e9riode estivale, produite et pr\u00e9sent\u00e9e par Michel Bouju. Le cin\u00e9ma est abord\u00e9 comme un loisir et reli\u00e9 \u00e0 dautres plaisirs et activit\u00e9s : le sport 15072000, la cuisine 26082000, le souvenir denfance 05082000, les bains de mer 22072000. Posted 11 Jun 2020 Originally published 11 Jun 2020 la Mediat\u00e8ca sera accessible au public sur demande \u00e0 partir du lundi 8 juin Apr\u00e8s deux mois de confinement durant lesquels nous sommes rest\u00e9s aux c\u00f4t\u00e9s des parents pour garder le lien, nos cr\u00e8ches ont rouvert progressivement leurs portes depuis le lundi 11 mai gr\u00e2ce notamment \u00e0 la mobilisation de nos professionnels qui ont tout mis en \u0153uvre afin de pr\u00e9parer sereinement la reprise et accueillir les enfants et les familles dans les meilleures conditions dhygi\u00e8ne et de s\u00e9curit\u00e9 possibles. <img decoding=\"async\" src=\"http:\/\/docplayer.fr\/docs-images\/43\/1601222\/images\/page_4.jpg\" alt=\"projet rencontre inaq\" align=\"center\"> <img decoding=\"async\" src=\"http:\/\/cancermotisys.eu\/img\/09f5770f54e74454a527a13a8deb179a.jpg\" alt=\"projet rencontre inaq\" align=\"left\"> <img decoding=\"async\" src=\"http:\/\/www.ece.fr\/school-of-engineering\/wp-content\/uploads\/2017\/01\/170117-ecole-ingenieur-thales-04.png\" alt=\"projet rencontre inaq\" align=\"right\"> Cest int\u00e9ressant, et je ne trouve pas que \u00e7a nuise \u00e0 la musique : Croatian Amor par exemple, cest de grande qualit\u00e9. Cest int\u00e9ressant aussi parce que cest une autre fa\u00e7on de consommer de la jeune g\u00e9n\u00e9ration, des natifs num\u00e9riques. Effectivement il y a des engouements, je pense aussi \u00e0 Yves Tumor. L\u00e9couter sur disque et le voir en concert \u00e7a na rien \u00e0 voir. En concert il joue sur CDJ, prend le micro, se jette dans la foule, envoie du stroboscope.. Un vrai spectacle, un peu comme Moor Mother, qui a ce m\u00eame aspect tr\u00e8s physique dans ses performances. Il y a une esp\u00e8ce de ph\u00e9nom\u00e8ne de culte de la personnalit\u00e9, assez neuf dans cette sc\u00e8ne, qui commence \u00e0 \u00e9merger, et lenjeu pour nous cest de ne surtout pas se pincer le nez, parce quil y a de super bonnes productions qui viennent de ces labels. Et en m\u00eame temps il faut faire attention \u00e0 ne pas non plus c\u00e9der \u00e0 un faux effet de mode. Ce que jessaie de faire cest de toujours voir les artistes en live avant de les programmer. On peut avoir de tr\u00e8s bonne surprise. Puce Mary, pour moi \u00e7a marche, Pharmakon, que jai vu jouer \u00e0 Montr\u00e9al, \u00e7a fonctionne aussi. Au del\u00e0 de Pan, Sacred Bones ou Posh Isolation il faut simplement se demander si \u00e7a fonctionne, sil y a une \u00e9motion qui passe. On peut se planter aussi, \u00e7a fait partie du jeu, mais ce quon cherche cest avoir des gens qui peuvent tirer b\u00e9n\u00e9fice de lopportunit\u00e9 quon leur donne et qui ne sont pas simplement l\u00e0 pour choper un cachet de plus dans leur tourn\u00e9e. Quand on sadresse \u00e0 des gens la plupart du temps on a des r\u00e9ponses tr\u00e8s rapides et tr\u00e8s enthousiastes. Si \u00e7a tra\u00eene un peu on se rend compte que finalement ils ne nous connaisent pas si bien que \u00e7a et donc que \u00e7a peut peut-\u00eatre ne pas le faire.  Tribune de Paris, Chaine nationale 1946-1958 123 documents reli\u00e9s au cin\u00e9ma Les premiers enregistrements radiophoniques remontent \u00e0 1933 discours de personnalit\u00e9s comme,,, etc. Pour la p\u00e9riode de la, 4 000 enregistrements sonores proviennent des radios qui \u00e9mettaient depuis zone occup\u00e9e, zone libre ou de lext\u00e9rieur la. Apr\u00e8s la Guerre, une collecte des \u00e9missions a \u00e9t\u00e9 organis\u00e9e : des entretiens avec des artistes,,, des concerts de lOrchestre national du, des \u00e9missions de vari\u00e9t\u00e9s ou dinformation culturelle,,,. La Maison de lImage est un lieu ressource associatif soutenant l\u00e9ducation aux images. Ouverte \u00e0 tous, elle sadresse aux personnes souhaitant d\u00e9couvrir la cr\u00e9ation artistique, se former aux techniques et conduire des projets autour de limage fixe et anim\u00e9e. Elle accompagne des actions visant l\u00e9ducation du regard et d\u00e9veloppe des collaborations avec des artistes dici et dailleurs. R\u00e9alisation de films, dexpositions, workshop et formations, conf\u00e9rences et d\u00e9bats r\u00e9veillent lesprit critique et forment des citoyens avertis. Informations et \u00e0 commander son billet lorsque le trajet implique plusieurs compagnies.. Enfant, je vivais avec mes parents au 2 dune petite rue, la m\u00eame o\u00f9 Jean-Claude Trichet promo 66 et sa famille habitaient, au num\u00e9ro 4. Les deux familles sont devenues amies et il est souvent arriv\u00e9 quelles passent leurs vacances ensemble. Quand nous partions skier dans la Renault de Jean-Claude, il fallait r\u00e9citer, \u00e0 lenvers, la tirade du nez de Cyrano! Nous \u00e9tions dans les ann\u00e9es 1970 et 80, Jean-Claude Trichet travaillait alors \u00e0 l\u00c9lys\u00e9e aupr\u00e8s de Val\u00e9ry Giscard dEstaing avant de retourner au Tr\u00e9sor. Son parcours et sa personnalit\u00e9 mimpressionnaient! Mon envie de pr\u00e9parer lENA et donc de rejoindre Sciences Po est, je crois, tr\u00e8s li\u00e9e au mod\u00e8le de serviteur de l\u00c9tat quil a repr\u00e9sent\u00e9 pour moi. Loral dentr\u00e9e \u00e0 Sciences Po Enregistrer mon nom, mon e-mail et mon site web dans le navigateur pour mon prochain commentaire.<\/p>\n","protected":false},"excerpt":{"rendered":"<p>projet rencontre inaq<\/p>\n","protected":false},"author":1,"featured_media":0,"comment_status":"closed","ping_status":"closed","sticky":false,"template":"","format":"standard","meta":{"footnotes":""},"categories":[1],"tags":[],"_links":{"self":[{"href":"https:\/\/dig-stuttgart.de\/info\/wp-json\/wp\/v2\/posts\/5406"}],"collection":[{"href":"https:\/\/dig-stuttgart.de\/info\/wp-json\/wp\/v2\/posts"}],"about":[{"href":"https:\/\/dig-stuttgart.de\/info\/wp-json\/wp\/v2\/types\/post"}],"author":[{"embeddable":true,"href":"https:\/\/dig-stuttgart.de\/info\/wp-json\/wp\/v2\/users\/1"}],"replies":[{"embeddable":true,"href":"https:\/\/dig-stuttgart.de\/info\/wp-json\/wp\/v2\/comments?post=5406"}],"version-history":[{"count":1,"href":"https:\/\/dig-stuttgart.de\/info\/wp-json\/wp\/v2\/posts\/5406\/revisions"}],"predecessor-version":[{"id":5407,"href":"https:\/\/dig-stuttgart.de\/info\/wp-json\/wp\/v2\/posts\/5406\/revisions\/5407"}],"wp:attachment":[{"href":"https:\/\/dig-stuttgart.de\/info\/wp-json\/wp\/v2\/media?parent=5406"}],"wp:term":[{"taxonomy":"category","embeddable":true,"href":"https:\/\/dig-stuttgart.de\/info\/wp-json\/wp\/v2\/categories?post=5406"},{"taxonomy":"post_tag","embeddable":true,"href":"https:\/\/dig-stuttgart.de\/info\/wp-json\/wp\/v2\/tags?post=5406"}],"curies":[{"name":"wp","href":"https:\/\/api.w.org\/{rel}","templated":true}]}}