{"id":5412,"date":"2020-07-03T22:02:18","date_gmt":"2020-07-03T22:02:18","guid":{"rendered":"http:\/\/dig-stuttgart.de\/info\/?p=5412"},"modified":"2020-06-27T17:46:28","modified_gmt":"2020-06-27T17:46:28","slug":"afrique-du-sud-prostituees","status":"publish","type":"post","link":"https:\/\/dig-stuttgart.de\/info\/2020\/07\/03\/afrique-du-sud-prostituees\/","title":{"rendered":"Afrique-Du-Sud Prostitu\u00e9es"},"content":{"rendered":"<p>Beaucoup dentre elles nont rien connu dautre que ce bidonville o\u00f9 d\u00e9filent des hommes de passage. Mises au travail \u00e0 10 ou 13 ans par une m\u00e8re elle-m\u00eame prostitu\u00e9e ou encore plong\u00e9es dans cet enfer apr\u00e8s avoir \u00e9t\u00e9 enlev\u00e9es dans leur village et vendues par leur famille endett\u00e9e, elles remboursent une partie de leur dette aux maquerelles qui les exploitent. Le Journal de lAfrique-France 24-Prostitution de Nig\u00e9rianes en Europe Facebook  Merci de nous d\u00e9crire pr\u00e9cis\u00e9ment ce qui vous para\u00eet ill\u00e9gal dans ce message. Visiter Sun City en Afrique du Sud, guide pratique: activit\u00e9s, h\u00e9bergement. Difficile d\u00e9chapper \u00e0 lethnocentrisme occidental, m\u00eame \u00e0 Amnesty. Parmi les victimes de violences conjugales, 29 se sont rendues au commissariat ou \u00e0 la gendarmerie, 16 ont d\u00e9pos\u00e9 plainte et 10 ont d\u00e9pos\u00e9 une main-courante. Ainsi, 13 des femmes victimes de violences conjugales physiques et ou sexuelles se rendent au commissariat ou \u00e0 la gendarmerie mais ne portent pas plainte. Source : CVS 2015-2018-INSEE-ONDRP-SSMSI, in  \u00c0 lire aussi : dans Courrier International sur la violence d\u00e9vastatrice dans un township au nord de Johannesburg, \u00e0 Diepsloot. Et ailleurs dans le monde? En Autriche, les travailleurs du sexe doivent se plier une fois par semaine \u00e0 un check-up m\u00e9dical et senregistrer aupr\u00e8s de la police ou dun gestionnaire de maison close. En Allemagne, tout d\u00e9pend de la l\u00e9gislation de lEtat : Munich et ses zones de non-prostitution, ailleurs, des licences accord\u00e9es aux maisons closes. Le membre de lassociation Survie, Thomas Borrel, \u00e0 gauche, et le chercheur Fran\u00e7ois Graner arrivent \u00e0 lInstitut Fran\u00e7ois Mitterrand pour laisser une cl\u00e9 symbolisant leur demande dacc\u00e8s aux archives sur le conflit rwandais, \u00e0 Paris, le 13 d\u00e9cembre 2017. Photo AFP 100 000 N\u00e9palaises travaillent en tant que prostitu\u00e9es L, 26 ans, a \u00e9t\u00e9 d\u00e9masqu\u00e9e par sa m\u00e8re, lors de sa premi\u00e8re sortie dans la Zona quente, \u00e0 17 ans L. A ajust\u00e9 au fil des ann\u00e9es sa strat\u00e9gie de contournement du stigmate, en apprenant \u00e0 mimer la quotidiennet\u00e9 des jeunes femmes qui \u00e9l\u00e8vent seules leurs enfants, au domicile de leurs parents L. Se refuse \u00e0 faire semblant de vivre des al\u00e9as du petit commerce. Elle a construit un r\u00e9cit qui accorde un r\u00f4le central aux rapports sociaux dinterd\u00e9pendance. Dans ce r\u00e9cit, elle obtient, des p\u00e8res absents, un peu dargent chaque mois pour alimenter ses deux filles et acheter des biens essentiels pour la maison. Pour lui donner de la robustesse, L. Limite son activit\u00e9 et sa mobilit\u00e9. Elle sort uniquement le vendredi apr\u00e8s-midi, vers 14 heures, sauf quand sa m\u00e8re voyage en Afrique du Sud elle peut alors sortir plusieurs nuits de suite dans la Zona quente. Ce jour de la semaine, elle a pris lhabitude de dire \u00e0 sa m\u00e8re quelle sort faire des courses avec des amies. \u00c0 14 heures, L. Se trouve dans la Baixa ; elle d\u00e9ambule seule, elle sennuie. Vers 17 heures, quand la Zona quente se transforme en march\u00e9 du sexe, elle se rend dans son bar habituel. Elle y retrouve ses copines L. Aime samuser dans la Zona quente, elle en profite pour changer dambiance et boire quelques bi\u00e8res. Le reste de la semaine, L. Ne sort pas de sa maison, sauf pour aller au march\u00e9 du quartier et acheter des produits pour cuisiner L. Ne souhaite pas rompre avec sa famille, parce que cette vie-l\u00e0, c\u00e9tait pas pour cela. Le r\u00e9cit du quotidien de L. Est commun \u00e0 lensemble des femmes interrog\u00e9es et d\u00e9masqu\u00e9es dans leur sexualit\u00e9. Les femmes se rendent dans la Zona quente uniquement dans la journ\u00e9e, faisant croire \u00e0 un travail de domestique pour des particuliers ou elles limitent leurs d\u00e9placements \u00e0 quelques soir\u00e9es par mois. Dans tous les cas, elles ny passent plus la nuit : elles rentrent dans lintervalle de temps qui correspond aux migrations pendulaires des travailleurs, entre le centre-ville et les quartiers p\u00e9riph\u00e9riques, soit au plus tard vers 21 heures. La reconfiguration de leur mobilit\u00e9 sinscrit en d\u00e9calage avec celle des hommes qui fr\u00e9quentent la Zona quente. Cette contrainte spatio-temporelle peut conduire les femmes \u00e0 adopter des pratiques sexuelles \u00e0 risque, quelles sinterdisent pourtant. Par-del\u00e0 les enjeux sanitaires et s\u00e9curitaires, la contrainte financi\u00e8re qui p\u00e8se sur le choix des pratiques sexuelles alt\u00e8re lestime de soi et la confiance dans lavenir Mc Millan et al, 2018. Afin de d\u00e9terminer quelles parties du site sont les plus int\u00e9ressantes pour nos visiteurs, nous essayons de mesurer continuellement, en utilisant entre autres le logiciel dun tiers, le nombre de visiteurs sur notre site et quels articles sont les plus consult\u00e9s. Pour ce faire, nous utilisons des cookies. <img decoding=\"async\" src=\"http:\/\/images.lpcdn.ca\/641x427\/201005\/18\/171645-afrique-sud-accusee-organismes-communautaires.jpg\" alt=\"afrique-du-sud prostitu\u00e9es\" align=\"center\"> Equal Times is a trilingual news and opinion website focusing on labour, human rights, culture, development, the environment, politics and the economy from a social justice perspective. Antonio Guterres d\u00e9clare : lUnion europ\u00e9enne et les nations unies ont pris une d\u00e9cision radicale de commencer le premier essaie technique du vaccin de Corona virus en Afrique, nous allons faire une premi\u00e8re exp\u00e9rience de ce vaccin chez les Africains pour voir si cela sera efficace ou produira les effets secondaires, lit-on notamment dans cette publication que lAFP a archiv\u00e9e. <img decoding=\"async\" src=\"http:\/\/www.more.wfcrimewatch.com\/upload\/news\/first\/599b08da23bd05.67978132.jpg\" alt=\"afrique-du-sud prostitu\u00e9es\" align=\"center\"> En utilisant ce site, vous acceptez notre utilisation des cookies pour am\u00e9liorer ses performances et dam\u00e9liorer votre exp\u00e9rience utilisateur. Plus dinfos dans notre. Lawyers for Human Rights. 25 avril 2018. Communication \u00e9crite envoy\u00e9e \u00e0 la Direction des recherches par un repr\u00e9sentant. Save my name, email, and website in this browser for the next time I comment. C\u00e9l\u00e9brit\u00e9s, associations antiracistes, anonymes.. Cette vid\u00e9o a suscit\u00e9, allant de linsulte \u00e0 la menace physique.  En France, le Pr Didier Raoult, directeur de lInstitut Hospitalo-Universitaire IHU M\u00e9diterran\u00e9e infection, affirme que lhydroxychloroquine est bel et bien efficace. Mais les r\u00e9sultats de ses exp\u00e9rimentations sont critiqu\u00e9es dans la communaut\u00e9 scientifique qui appelle \u00e0 prendre cette piste avec prudence, faute d\u00e9tudes cliniques faites selon les protocoles m\u00e9thodologiques stricts. <img decoding=\"async\" src=\"http:\/\/www.scielo.org.za\/img\/revistas\/phcfm\/v7n1\/55t3.jpg\" alt=\"afrique-du-sud prostitu\u00e9es\" align=\"left\"> affirment les auteurs du rapport. Pour \u00eatre efficaces,.<\/p>\n","protected":false},"excerpt":{"rendered":"<p>afrique-du-sud prostitu\u00e9es<\/p>\n","protected":false},"author":1,"featured_media":0,"comment_status":"closed","ping_status":"closed","sticky":false,"template":"","format":"standard","meta":{"footnotes":""},"categories":[1],"tags":[],"_links":{"self":[{"href":"https:\/\/dig-stuttgart.de\/info\/wp-json\/wp\/v2\/posts\/5412"}],"collection":[{"href":"https:\/\/dig-stuttgart.de\/info\/wp-json\/wp\/v2\/posts"}],"about":[{"href":"https:\/\/dig-stuttgart.de\/info\/wp-json\/wp\/v2\/types\/post"}],"author":[{"embeddable":true,"href":"https:\/\/dig-stuttgart.de\/info\/wp-json\/wp\/v2\/users\/1"}],"replies":[{"embeddable":true,"href":"https:\/\/dig-stuttgart.de\/info\/wp-json\/wp\/v2\/comments?post=5412"}],"version-history":[{"count":1,"href":"https:\/\/dig-stuttgart.de\/info\/wp-json\/wp\/v2\/posts\/5412\/revisions"}],"predecessor-version":[{"id":5413,"href":"https:\/\/dig-stuttgart.de\/info\/wp-json\/wp\/v2\/posts\/5412\/revisions\/5413"}],"wp:attachment":[{"href":"https:\/\/dig-stuttgart.de\/info\/wp-json\/wp\/v2\/media?parent=5412"}],"wp:term":[{"taxonomy":"category","embeddable":true,"href":"https:\/\/dig-stuttgart.de\/info\/wp-json\/wp\/v2\/categories?post=5412"},{"taxonomy":"post_tag","embeddable":true,"href":"https:\/\/dig-stuttgart.de\/info\/wp-json\/wp\/v2\/tags?post=5412"}],"curies":[{"name":"wp","href":"https:\/\/api.w.org\/{rel}","templated":true}]}}