{"id":5448,"date":"2020-07-04T18:21:11","date_gmt":"2020-07-04T18:21:11","guid":{"rendered":"http:\/\/dig-stuttgart.de\/info\/?p=5448"},"modified":"2020-06-27T18:06:50","modified_gmt":"2020-06-27T18:06:50","slug":"rencontres-sportives-internationales","status":"publish","type":"post","link":"https:\/\/dig-stuttgart.de\/info\/2020\/07\/04\/rencontres-sportives-internationales\/","title":{"rendered":"Rencontres Sportives Internationales"},"content":{"rendered":"<p> <img decoding=\"async\" src=\"http:\/\/www.valdoise.fr\/uploads\/Image\/c2\/IMF_MEDIUM\/GAB_CD95\/179_182_un-champion-au-college.jpg\" alt=\"rencontres sportives internationales\" align=\"left\"> Minscrire et recevoir lactualit\u00e9 de la ville de Hy\u00e8res les Palmiers jeu, 06112020-12:00 Mardi 16 juin Journ\u00e9e daction Sant\u00e9 Publi\u00e9 le : 11052020-10:49 Modifi\u00e9 le : 11052020-10:49 championnat dEurope de basket-ball masculin 2015 ;  <img decoding=\"async\" src=\"http:\/\/p.calameoassets.com\/141010034636-5ea084a7853e1dd37fba84f6440670b4\/p16.jpg\" alt=\"rencontres sportives internationales\" align=\"right\"> La Strat\u00e9gie daccueil constitue un processus de prises de d\u00e9cision int\u00e9gr\u00e9 pour les investissements gouvernementaux lors de laccueil de internationales.  Sous le signe de lImp\u00e9rialisme Louverture des Jeux olympiques sest faite hier \u00e0 Amsterdam, 29 juillet 1928. Copyright 2018 Sport Business Mag Un site r\u00e9alis\u00e9 par Lemon Interactive. Dimanche 29 janvier match Valenciennes Nancy Les b\u00e9n\u00e9ficiaires, ma\u00eetres douvrage des projets, peuvent \u00eatre soit des clubs d\u00e9clar\u00e9s en Pr\u00e9fecture depuis au moins 1 an, agr\u00e9\u00e9s par le Minist\u00e8re en charge des sports et affili\u00e9s \u00e0 une f\u00e9d\u00e9ration agr\u00e9\u00e9e ou d\u00e9l\u00e9gataire et \u00e0 la ligue ou comit\u00e9 r\u00e9gional, soit des comit\u00e9s d\u00e9partementaux ou des ligues, soit des communes ou leur structures de coop\u00e9ration. La ministre des Sports veut privil\u00e9gier la continuit\u00e9 sportive et pr\u00e9conise, pour respecter les consignes de s\u00e9curit\u00e9 sur le coronavirus, de favoriser le huis clos. De concert s e t rencontres sportives r \u00e9 volutionne.. Leclerc, Verstappen ou encore Alonso saffronteront virtuellement le week-end prochain sur le circuit des 24 Heures.. Schott\u00e9, Manuel, To live well is to live concealed: Confined Relations between UEFA and the European Community in the 1970s and 1980s, dans Philippe Vonnard, Gr\u00e9gory Quin, Nicolas Bancel dir, Building Europe with the Ball. Turning Points in the Europeanization of football 1905-1995, Oxford, Peter Lang, 2016, p 187-199. En \u00e9quipe, d\u00e9fiez vos concurrents lors de ce concours de boules! 10:10-10:50, Richard Giulianotti, Professor, Durham University, Sport Mega-Events and Terrorism: Developing a Critical Social Scientific Perspective. VIH pendan t l a rencontre sportive e t peu apr\u00e8s. <img decoding=\"async\" src=\"http:\/\/ipafrance.org\/wp-content\/uploads\/2018\/04\/gimborn2018-270x250.jpg\" alt=\"rencontres sportives internationales\" align=\"left\"> 23-24 novembre 2019 : Antony Football Evolution 2-1 Vincennois classement : 10e12 RD, Ingenieurwesen, Naturwissenschaften und Technik Cest lune des d\u00e9cisions fortes prises par lex\u00e9cutif pendant la crise sanitaire. Les grands festivals et \u00e9v\u00e8nements avec public nombreux ne pourront se tenir au moins jusqu\u00e0 mi-juillet prochain avait expliqu\u00e9 dans qui annon\u00e7ait. Concerts, festivals, pi\u00e8ces de th\u00e9\u00e2tre, de nombreux secteurs ont \u00e9t\u00e9 touch\u00e9s de plein fouet par cette annonce. Pour le sport, les matches et autres manifestations ont m\u00eame \u00e9t\u00e9 interdits jusqu\u00e0 septembre. Probl\u00e8me, des milliers de personnes avaient d\u00e9j\u00e0 achet\u00e9 leur billet pour certains \u00e9v\u00e9nements ou rencontres. Le remboursement est-il possible? L\u00e9pid\u00e9mie de coronavirus oblige les autorit\u00e9s \u00e0 revoir lorganisation de nombreuses rencontres sportives. Au total, 450 manifestations sportives sont impact\u00e9es sur le plan national, soit pr\u00e8s de 2 millions de spectateurs concern\u00e9s par ces mesures de restrictions impos\u00e9es jusquau 15 avril, a indiqu\u00e9 ce mardi 10 mars la ministre des Sports Roxana Maracineanu. A par ailleurs annonc\u00e9 que les rencontres du Tournoi de France, le tournoi amical de football f\u00e9minin qui a lieu actuellement dans le Nord, se d\u00e9rouleront \u00e0 huis clos France-Pays-Bas \u00e0 Valenciennes mardi et Br\u00e9sil-Canada mardi \u00e0 Calais, de m\u00eame que, ce lundi soir. Ny a aucune diff\u00e9rence de couleur, nationalit\u00e9 ou religion, mais seulement.. Le Lausanne HC et le HC Valais-Chablais MySports League entament une collaboration dans le but de former de jeunes joueurs \u00e0 l\u00e9lite du hockey suisse, annoncent les deux clubs dans des communiqu\u00e9s. En poursuivant votre navigation sur ce site, vous acceptez lutilisation de Cookies.<\/p>\n","protected":false},"excerpt":{"rendered":"<p>rencontres sportives internationales<\/p>\n","protected":false},"author":1,"featured_media":0,"comment_status":"closed","ping_status":"closed","sticky":false,"template":"","format":"standard","meta":{"footnotes":""},"categories":[1],"tags":[],"_links":{"self":[{"href":"https:\/\/dig-stuttgart.de\/info\/wp-json\/wp\/v2\/posts\/5448"}],"collection":[{"href":"https:\/\/dig-stuttgart.de\/info\/wp-json\/wp\/v2\/posts"}],"about":[{"href":"https:\/\/dig-stuttgart.de\/info\/wp-json\/wp\/v2\/types\/post"}],"author":[{"embeddable":true,"href":"https:\/\/dig-stuttgart.de\/info\/wp-json\/wp\/v2\/users\/1"}],"replies":[{"embeddable":true,"href":"https:\/\/dig-stuttgart.de\/info\/wp-json\/wp\/v2\/comments?post=5448"}],"version-history":[{"count":1,"href":"https:\/\/dig-stuttgart.de\/info\/wp-json\/wp\/v2\/posts\/5448\/revisions"}],"predecessor-version":[{"id":5449,"href":"https:\/\/dig-stuttgart.de\/info\/wp-json\/wp\/v2\/posts\/5448\/revisions\/5449"}],"wp:attachment":[{"href":"https:\/\/dig-stuttgart.de\/info\/wp-json\/wp\/v2\/media?parent=5448"}],"wp:term":[{"taxonomy":"category","embeddable":true,"href":"https:\/\/dig-stuttgart.de\/info\/wp-json\/wp\/v2\/categories?post=5448"},{"taxonomy":"post_tag","embeddable":true,"href":"https:\/\/dig-stuttgart.de\/info\/wp-json\/wp\/v2\/tags?post=5448"}],"curies":[{"name":"wp","href":"https:\/\/api.w.org\/{rel}","templated":true}]}}