{"id":5452,"date":"2020-07-04T22:15:15","date_gmt":"2020-07-04T22:15:15","guid":{"rendered":"http:\/\/dig-stuttgart.de\/info\/?p=5452"},"modified":"2020-06-27T18:08:51","modified_gmt":"2020-06-27T18:08:51","slug":"club-rencontres-paca","status":"publish","type":"post","link":"https:\/\/dig-stuttgart.de\/info\/2020\/07\/04\/club-rencontres-paca\/","title":{"rendered":"Club Rencontres Paca"},"content":{"rendered":"<p>Association Science Technologie Soci\u00e9t\u00e9 Provence-Alpes-C\u00f4te dAzur Votre vie affective est-elle trop vide? Aucun SMS tendre depuis longtemps? Des finales avec moins denjeu, cest ce vers quoi pourraient se diriger la Coupe de France et la Coupe de la Ligue. Hier, le pr\u00e9sident de lUEFA Aleksander Ceferin confirmait dans un courrier adress\u00e9 \u00e0 Jean-Michel Aulas la date butoir fix\u00e9e au 3 ao\u00fbt pour terminer tous les championnats nationnaux. Les cookies sociaux permettent dam\u00e9liorer la convivialit\u00e9 du site et aident \u00e0 sa promotion via les partages. Le Club de Veynes entretient un esprit amical autour de son Pr\u00e9sident Jean-Claude JOCQUEL. S\u00e9jours et sorties hebdomadaires tout \u00e0 fait conviviaux. <img decoding=\"async\" src=\"http:\/\/www.extra.squirrellist.com\/tourisme-paca\/verdon\/gorges-baudinard-6.JPG\" alt=\"club rencontres paca\" align=\"center\"> Pr\u00e9sident de la soci\u00e9t\u00e9 des courses de la Cote dAzur LAST CHANCE SKIMIUM.COM! Jusqu\u00e0 20 de remise suppl\u00e9mentaire sur votre location de ski en ligne!  Restaurants L\u00e9on de Bruxelles Des moules de toutes les fa\u00e7ons! Plusieurs Jeux De S\u00e9duction Vous Seront Propos\u00e9 Pendant Votre Soir\u00e9e!! 1330, rue Guillibert de la Lauzi\u00e8re-EUROPARC de Pichaury-B\u00e2t C1 Loffice de tourisme d\u00e9veloppe des outils performants : sites internet, guides divers. Terrain de lancien centre de loisirs-rue Pr\u00e9sident Dassier \u00e0 Miramas Venez repr\u00e9senter la profession sur le stand de lOrdre des Experts-Comptables lors de cet \u00e9v\u00e9nement exceptionnel! publiques ext\u00e9rieures ou int\u00e9rieures, pratiques s\u00e9curis\u00e9es, aux designs multiples, raccord\u00e9es aux r\u00e9seaux deau et d\u00e9lectricit\u00e9 pour d\u00e9livrer de leau fra\u00eeche, plate ou p\u00e9tillante pour tous Quelques jeux et questions agr\u00e9mentent le parcours et permettent la remise de modestes souvenirs. Une r\u00e9flexion sur linformatique de demain, et daujourdhui, des rencontres avec des hommes et des femmes. Le CIP cest \u00e7a!! Fr\u00e9quentation mensuelle moyenne : 75 000 visites uniques Les photos du Festival National UFAR Nice 2017 Festival National UFAR Nice 2017 Compte-rendu Festival National UFAR Nice 2017 Max Alfonso.pdf Tous les r\u00e9sultats Au programme : Matin\u00e9e : Assembl\u00e9e g\u00e9n\u00e9rale r\u00e9serv\u00e9e aux adh\u00e9rents DANSE ENFANTS Eveil-danse Classique Jazz d\u00e9butant Com\u00e9dies musicales Street danse Rencontre Annuelle Alliz\u00e9-Plasturgie Provence-Alpes-C\u00f4te dAzur Corse Alliz\u00e9-Plasturgie <img decoding=\"async\" src=\"http:\/\/img.spokeo.com\/public\/900-600\/ruby_gettinger_2010_09_09.jpg\" alt=\"club rencontres paca\" align=\"left\"> <img decoding=\"async\" src=\"http:\/\/www.ateliersaugrenu.net\/uploads\/2\/7\/1\/3\/27132449\/20170508-pgm-renc-r-g-dxo_orig.jpg\" alt=\"club rencontres paca\" align=\"right\">   BRYAN FAUCOUNEAULB Pr\u00e9sentation :Bonjour, je mappelle Bryan, jai 18 ans et jentame ma 6\u00e9me ann\u00e9e de Football Am\u00e9ricain dans le club des Dauphins de Nice. J\u00e9tudie actuellement en Terminale..<\/p>\n","protected":false},"excerpt":{"rendered":"<p>club rencontres paca<\/p>\n","protected":false},"author":1,"featured_media":0,"comment_status":"closed","ping_status":"closed","sticky":false,"template":"","format":"standard","meta":{"footnotes":""},"categories":[1],"tags":[],"_links":{"self":[{"href":"https:\/\/dig-stuttgart.de\/info\/wp-json\/wp\/v2\/posts\/5452"}],"collection":[{"href":"https:\/\/dig-stuttgart.de\/info\/wp-json\/wp\/v2\/posts"}],"about":[{"href":"https:\/\/dig-stuttgart.de\/info\/wp-json\/wp\/v2\/types\/post"}],"author":[{"embeddable":true,"href":"https:\/\/dig-stuttgart.de\/info\/wp-json\/wp\/v2\/users\/1"}],"replies":[{"embeddable":true,"href":"https:\/\/dig-stuttgart.de\/info\/wp-json\/wp\/v2\/comments?post=5452"}],"version-history":[{"count":1,"href":"https:\/\/dig-stuttgart.de\/info\/wp-json\/wp\/v2\/posts\/5452\/revisions"}],"predecessor-version":[{"id":5453,"href":"https:\/\/dig-stuttgart.de\/info\/wp-json\/wp\/v2\/posts\/5452\/revisions\/5453"}],"wp:attachment":[{"href":"https:\/\/dig-stuttgart.de\/info\/wp-json\/wp\/v2\/media?parent=5452"}],"wp:term":[{"taxonomy":"category","embeddable":true,"href":"https:\/\/dig-stuttgart.de\/info\/wp-json\/wp\/v2\/categories?post=5452"},{"taxonomy":"post_tag","embeddable":true,"href":"https:\/\/dig-stuttgart.de\/info\/wp-json\/wp\/v2\/tags?post=5452"}],"curies":[{"name":"wp","href":"https:\/\/api.w.org\/{rel}","templated":true}]}}