{"id":5462,"date":"2020-07-04T02:21:43","date_gmt":"2020-07-04T02:21:43","guid":{"rendered":"http:\/\/dig-stuttgart.de\/info\/?p=5462"},"modified":"2020-06-27T18:09:55","modified_gmt":"2020-06-27T18:09:55","slug":"rencontre-sidi-kacem","status":"publish","type":"post","link":"https:\/\/dig-stuttgart.de\/info\/2020\/07\/04\/rencontre-sidi-kacem\/","title":{"rendered":"Rencontre Sidi Kacem"},"content":{"rendered":"<p>Dans le cadre du partenariat entre lAcad\u00e9mie r\u00e9gionale de l\u00e9ducation et de la formation de Marrakech-Safi et Tamkeen, une r\u00e9union sest tenue 10 bless\u00e9s en marge dun match entre lUnion de Sidi Kacem et le MAS de F\u00e8s contient des insultes ou des messages diffamatoires \u00e0 l\u00e9gard de Sputnik; Look for the.htaccess file in the list of files. You may need to scroll to find it. <img decoding=\"async\" src=\"http:\/\/www.amisdecolette.fr\/wp-content\/uploads\/2014\/09\/Home02.jpg\" alt=\"rencontre sidi kacem\" align=\"left\"> Ce jeudi 7 novembre, Ivanka Trump a rencontr\u00e9 des agricultrices \u00e0 Sidi Kacem, une ville rurale de la r\u00e9gion du Gharb. La visite \u00e0 Sidi Kacem comprenait \u00e9galement une c\u00e9r\u00e9monie de signature de deux nouveaux accords avec des organisations partenaires. Ces accords fourniront aux b\u00e9n\u00e9ficiaires marocaines plus de 6 millions de dollars pour financer une formation suppl\u00e9mentaire sur les pratiques agricoles, la gestion financi\u00e8re et lalphab\u00e9tisation. It is also possible that you have inadvertently deleted your document root or the your account may need to be recreated. Either way, please contact your web host immediately. Le gouverneur a \u00e9galement soulign\u00e9 limportance dinvestir dans le d\u00e9veloppement du capital humain de mani\u00e8re g\u00e9n\u00e9rale et dans le d\u00e9veloppement de la petite enfance en particulier. <img decoding=\"async\" src=\"http:\/\/www.alfmabrok.com\/files\/6053-1.jpg\" alt=\"rencontre sidi kacem\" align=\"center\"> Van een simpele lunch tot een uitgebreid diner. In het voorjaar asperges eten, in het najaar mooie wildgerechten. Onze keuken laat u elk seizoen genieten. Du 3 au 5 Novembre 2020 : Expoprotection Paris Porte de Versailles  C\u00e9r\u00e9monie de remise des attestations de participation \u00e0 Le Moulin, Soliman R\u00e9servez en ligne des s\u00e9jours all inclusive dexception. Club Med vous pr\u00e9sente ses clubs vacances, qui vous accueillent toute lann\u00e9e. Circuits,Resorts, croisi\u00e8res trouvez en ligne les vacances tout compris qui vous ressemblent. Regelmatig organiseren wij thema-avonden en evenementen met live entertainment en muziek of met een culinair karakter. Zo is er altijd weer iets leuks te beleven in Eetcaf\u00e9 De Groes!  10\u00e8me Rencontre du cin\u00e9ma de Sidi Kacem : Limage amazighe \u00e0 l\u00e9cran A dialogue box may appear asking you about encoding. Just click Edit to continue. The editor will open in a new window. From the left-hand navigation menu in WordPress, click Settings Permalinks Note the current setting. If you are using a custom structure, copy or save the custom structure somewhere. Veuillez consulter notre. Elle contient les d\u00e9tails sur les types de donn\u00e9es que nous recueillons, la fa\u00e7on dont nous les utilisons et vos droits en mati\u00e8re de protection des donn\u00e9es. <img decoding=\"async\" src=\"http:\/\/wojnlove.gq\/wp-content\/uploads\/2018\/07\/top5-monoprix-extreme.jpg\" alt=\"rencontre sidi kacem\" align=\"center\"> Cest confirm\u00e9: Ivanka Trump, fille et conseill\u00e8re du pr\u00e9sident am\u00e9ricain Donald Trump, sera en visite officielle au Maroc ce vendredi 8 novembre. Elle d\u00e9marre sa tourn\u00e9e en allant \u00e0 la rencontre des \u00e9tudiants et de l\u00e9quipe de lInstitut sp\u00e9cialis\u00e9 des m\u00e9tiers de la\u00e9ronautique \u00e0 Casablanca.  Copyright Paris Match 2020. Tous droits r\u00e9serv\u00e9s. Le site Paris Match est \u00e9dit\u00e9 par Lagard\u00e8re M\u00e9dia News.<\/p>\n","protected":false},"excerpt":{"rendered":"<p>rencontre sidi kacem<\/p>\n","protected":false},"author":1,"featured_media":0,"comment_status":"closed","ping_status":"closed","sticky":false,"template":"","format":"standard","meta":{"footnotes":""},"categories":[1],"tags":[],"_links":{"self":[{"href":"https:\/\/dig-stuttgart.de\/info\/wp-json\/wp\/v2\/posts\/5462"}],"collection":[{"href":"https:\/\/dig-stuttgart.de\/info\/wp-json\/wp\/v2\/posts"}],"about":[{"href":"https:\/\/dig-stuttgart.de\/info\/wp-json\/wp\/v2\/types\/post"}],"author":[{"embeddable":true,"href":"https:\/\/dig-stuttgart.de\/info\/wp-json\/wp\/v2\/users\/1"}],"replies":[{"embeddable":true,"href":"https:\/\/dig-stuttgart.de\/info\/wp-json\/wp\/v2\/comments?post=5462"}],"version-history":[{"count":1,"href":"https:\/\/dig-stuttgart.de\/info\/wp-json\/wp\/v2\/posts\/5462\/revisions"}],"predecessor-version":[{"id":5463,"href":"https:\/\/dig-stuttgart.de\/info\/wp-json\/wp\/v2\/posts\/5462\/revisions\/5463"}],"wp:attachment":[{"href":"https:\/\/dig-stuttgart.de\/info\/wp-json\/wp\/v2\/media?parent=5462"}],"wp:term":[{"taxonomy":"category","embeddable":true,"href":"https:\/\/dig-stuttgart.de\/info\/wp-json\/wp\/v2\/categories?post=5462"},{"taxonomy":"post_tag","embeddable":true,"href":"https:\/\/dig-stuttgart.de\/info\/wp-json\/wp\/v2\/tags?post=5462"}],"curies":[{"name":"wp","href":"https:\/\/api.w.org\/{rel}","templated":true}]}}