{"id":5466,"date":"2020-07-04T07:10:54","date_gmt":"2020-07-04T07:10:54","guid":{"rendered":"http:\/\/dig-stuttgart.de\/info\/?p=5466"},"modified":"2020-06-27T18:14:46","modified_gmt":"2020-06-27T18:14:46","slug":"les-rencontres-d-astaffort-inscription","status":"publish","type":"post","link":"https:\/\/dig-stuttgart.de\/info\/2020\/07\/04\/les-rencontres-d-astaffort-inscription\/","title":{"rendered":"Les Rencontres D Astaffort Inscription"},"content":{"rendered":"<p>Deux fois par an, de jeunes artistes sont ainsi invit\u00e9s au Centre des \u00e9critures de la chanson, sans dautre obligation de r\u00e9sultat que de faire, ensemble, de la musique. Ils sont 15, ils ont le verbe haut ou la guitare en bandouli\u00e8re. Ils sont auteurs, compositeurs ou interpr\u00e8tes, ou m\u00eame les trois \u00e0 la fois. Ils passent ensemble 9 jours, un espace de temps suffisant pour que chacun sapprivoise, collabore, et au final apprenne \u00e0 se situer artistiquement, \u00e0 mieux conna\u00eetre le musicien ou lauteur quil est. <img decoding=\"async\" src=\"http:\/\/www.ultravids.ga\/pub\/media\/wysiwyg\/promotions\/ope_ete_2018_banner_768x380_PRESTATIONS.jpg\" alt=\"les rencontres d astaffort inscription\" align=\"left\">  Un partenariat \u00e9troit uni la ville dAstaffort et Voix du Sud depuis la cr\u00e9ation de lassociation en 1992. Ce partenariat se renforce encore aujourdhui avec la cr\u00e9ation du Centre des Ecritures de la Chanson, cest ainsi que la nouvelle m\u00e9diath\u00e8que Dani\u00e8le Esteban accueillera, gr\u00e2ce au concours financier de la Fondation dentreprise La Poste, un fond documentaire de r\u00e9f\u00e9rence sur la chanson qui sera un outil de travail, de recherche et de r\u00e9flexion ouvert aux publics. Les 46es et 47es Rencontres dAstaffort sont dores et d\u00e9j\u00e0 programm\u00e9es-petitbleu.fr J\u00e9r\u00f4me Attal en pleine s\u00e9ance d\u00e9criture avec les stagiaires des 46e \u00e9ditions des Rencontres dAstaffort. <img decoding=\"async\" src=\"http:\/\/www.melody.tv\/image\/view\/600_y_75\/actualite\/2648-francis_cabrel_lance_une_nouvelle_compilation.jpg\" alt=\"les rencontres d astaffort inscription\" align=\"left\"> Evidemment. Je respecte la personnalit\u00e9 de chacun. Un artiste est tr\u00e8s r\u00e9serv\u00e9, jexploite sa r\u00e9serve. Je ne vais pas essayer de le changer. Je le r\u00e9p\u00e8te, cest un boulot de compr\u00e9hension psychologique de la personne. Tu touches \u00e0 leur art, tu touches au plus profond deux, donc tu nas pas int\u00e9r\u00eat \u00e0 dire une connerie. Toi qui es auteur Gurvan, tu as envie d\u00e9crire pour un des stagiaires? Roxanne : Jai eu beaucoup de mal \u00e0 maffirmer. Je suis arriv\u00e9e pas s\u00fbre de moi du tout et tr\u00e8s timide. Jai r\u00e9ussi peu \u00e0 peu \u00e0 me placer comme compositrice, donc, jai fini par \u00eatre plus \u00e0 laise. Ici, on travaille \u00e0 trois cerveaux dans la contrainte du temps. On na pas le choix et \u00e7a nous met dans une incroyable \u00e9nergie. Ce qui est g\u00e9nial, cest quon a tous nos faiblesses, alors les stagiaires sentraident beaucoup. This website is using a security service to protect itself from online attacks. The action you just performed triggered the security solution. There are several actions that could trigger this block including submitting a certain word or phrase, a SQL command or malformed data. Pour en savoir plus sur comment devenir testeur r\u00e9mun\u00e9r\u00e9 et vous inscrire : Deux rencontres par an, mais aussi une quinzaine de stages annuels, presque 200 interventions en milieux scolaire, hospitalier, carc\u00e9ral. <img decoding=\"async\" src=\"http:\/\/www.addagers.fr\/uploads\/actus\/vignettes\/StructurationProfessionnelleVisuelRS.jpg\" alt=\"les rencontres d astaffort inscription\" align=\"right\"> Je ne suis pas en France, puis-je minscrire \u00e0 Testapic? En toute honn\u00eatet\u00e9, au d\u00e9but jai eu un peu de mal car les tests sont enregistr\u00e9s oralement. Mais une fois que lon connait le principe de fonctionnement cest vraiment super!  Pour la premi\u00e8re fois, face \u00e0 la pertinence des chansons produites et \u00e0 la parfaite harmonie de l\u00e9quipe form\u00e9e pour les 45\u00e8mes rencontres parrain\u00e9es par Julien DOR\u00c9 en septembre 2017, le travail dun album vient prolonger laventure. Quinze artistes, parmi lesquels C\u00e9leste LEVIS, Stellia KOUMBA, AELLE, ANTSA MENDRIKA, Quentin MAQUET DALTON TELEGRAM, CHEVEU, Bruno GUGLIELMI, Arthur LE FORESTIER, YELLOW,, Cyril CRABOS LE TROTTOIR DEN FACE, GRIMME qui pour la premi\u00e8re fois chante en fran\u00e7ais, et enfin le guitariste Thomas COGNY sus-cit\u00e9, qui assure la coh\u00e9sion musicale. Un album \u00e0 la fois \u00e9clectique et tenu par la force, la vitalit\u00e9 de faire de la musique ensemble. Jai d\u00e9cid\u00e9 denregistrer tous ces gar\u00e7ons et filles, et de faire un album. Et apr\u00e8s ce quil va se passer, personne ne le sait. Mais lhistoire commune est belle, ils ont une vie artistique commune assez foisonnante confie. La Cour de cr\u00e9ation se propose de suivre la 30e session de ces Rencontres, en accompagnant quelques-uns de ces jeunes artistes, et en sappuyant sur le t\u00e9moignage de Francis Cabrel, qui sera pr\u00e9sent tout au long de cette session. En 2017, il sest lanc\u00e9 dans. Dans les studios de Neuilly-sur-Seine, il vient nous interpr\u00e9ter deux de ses titres, Tu donnes et Revoir. Les Rencontres D Astaffort Inscription phoenixow.com Pas du tout!-enfin un minimum quand m\u00eame :. Vous serez accompagn\u00e9 tout au long des tests et votre m\u00e9connaissance en informatique nest pas un probl\u00e8me. Cliquez ici pour vous inscrire. .<\/p>\n","protected":false},"excerpt":{"rendered":"<p>les rencontres d astaffort inscription<\/p>\n","protected":false},"author":1,"featured_media":0,"comment_status":"closed","ping_status":"closed","sticky":false,"template":"","format":"standard","meta":{"footnotes":""},"categories":[1],"tags":[],"_links":{"self":[{"href":"https:\/\/dig-stuttgart.de\/info\/wp-json\/wp\/v2\/posts\/5466"}],"collection":[{"href":"https:\/\/dig-stuttgart.de\/info\/wp-json\/wp\/v2\/posts"}],"about":[{"href":"https:\/\/dig-stuttgart.de\/info\/wp-json\/wp\/v2\/types\/post"}],"author":[{"embeddable":true,"href":"https:\/\/dig-stuttgart.de\/info\/wp-json\/wp\/v2\/users\/1"}],"replies":[{"embeddable":true,"href":"https:\/\/dig-stuttgart.de\/info\/wp-json\/wp\/v2\/comments?post=5466"}],"version-history":[{"count":1,"href":"https:\/\/dig-stuttgart.de\/info\/wp-json\/wp\/v2\/posts\/5466\/revisions"}],"predecessor-version":[{"id":5467,"href":"https:\/\/dig-stuttgart.de\/info\/wp-json\/wp\/v2\/posts\/5466\/revisions\/5467"}],"wp:attachment":[{"href":"https:\/\/dig-stuttgart.de\/info\/wp-json\/wp\/v2\/media?parent=5466"}],"wp:term":[{"taxonomy":"category","embeddable":true,"href":"https:\/\/dig-stuttgart.de\/info\/wp-json\/wp\/v2\/categories?post=5466"},{"taxonomy":"post_tag","embeddable":true,"href":"https:\/\/dig-stuttgart.de\/info\/wp-json\/wp\/v2\/tags?post=5466"}],"curies":[{"name":"wp","href":"https:\/\/api.w.org\/{rel}","templated":true}]}}