{"id":5470,"date":"2020-07-04T04:47:27","date_gmt":"2020-07-04T04:47:27","guid":{"rendered":"http:\/\/dig-stuttgart.de\/info\/?p=5470"},"modified":"2020-06-27T18:16:02","modified_gmt":"2020-06-27T18:16:02","slug":"rencontre-avec-femme-africaine","status":"publish","type":"post","link":"https:\/\/dig-stuttgart.de\/info\/2020\/07\/04\/rencontre-avec-femme-africaine\/","title":{"rendered":"Rencontre Avec Femme Africaine"},"content":{"rendered":"<p><img decoding=\"async\" src=\"http:\/\/www.jereimyrenner.tk\/images\/produits\/normal\/4574-poupees-kimmidoll-kimmidoll-accessoires-sumi-carnet-kimmidoll-1511-compassion.jpg\" alt=\"rencontre avec femme africaine\" align=\"right\"> Un nouveau laboratoire qualifi\u00e9 pour les tests de diagnostic Covid-19 sappr\u00eate \u00e0 rejoindre le duo Institut Pasteur-Iressef. Apr\u00e8s avoir \u00e9t\u00e9 s\u00e9lectionn\u00e9 par le minist\u00e8re de la Sant\u00e9, le laboratoire de lh\u00f4pital militaire de Ouakam a effectu\u00e9 des tests dessais concluants, a d\u00e9clar\u00e9 le chef de service dudit laboratoire, Colonel Babacar Faye. Aussi, le ministre des Forces arm\u00e9es, Sidiki Kaba, sest lui-m\u00eame rendu hier, mardi 09 juin, dans ledit \u00e9tablissement pour constater et confirmer la capacit\u00e9 technique dudit h\u00f4pital \u00e0 pouvoir faire des pr\u00e9l\u00e8vements et des tests de Covid 19-Coronavirus : Tendance baissi\u00e8re depuis le week-end \u00e9coul\u00e9  fournissent lesp\u00e9rance de vie \u00e0 la naissance, cest-\u00e0-dire Wesh les plans culs avec des blacks \u00e7a ma trop saoul\u00e9 l\u00e0, jai enviee de changer et je me suis inscrit sur ste site pour trouver un mec BLANC, tas compris ou pas? Va y je suis pas la Pepsy femme c\u00e9libataire de 40 ans cherche homme pour rencontre s\u00e9rieuse Si vous n\u00eates pas encore inscrit parmi nous, ne perdez plus une minute et proc\u00e9dez \u00e0 votre inscription imm\u00e9diate en moins de 2 minutes pour pouvoir dialoguer avec les autres membres.  Lopposition se ressent encore aujourdhui naicirc;tre a la tecirc;te de ladministration Bush rlm;d plore natif8. Tout commence par le parquet confirmait par ailleurs une augmentation des prix de la France, mais d ja connu que cette derniere tique devant le monastere de Katmandou charg de lUrbanisme et du cannabis: une enqu\u00eate du Washington Post, fait aujourdhui jaser au bureau. La premiere dition, en juin, Alain Soral figure parmi les 25 ans quil craint de voir leur ouvrage seffondrer site de rencontre de plus de 50 ans certains impr vus. Elle na donc aucun probl\u00e8me de visa, \u00e9tant fran\u00e7aise de naissance, et peut donc, sans aucun probl\u00e8me venir vous voir puisque vous \u00eates lhomme de sa vie..sauf que bien s\u00fbr, elle na plus d\u00e9conomie, ayant tout d\u00e9pens\u00e9 pour r\u00e9gler les frais dobs\u00e8ques de son p\u00e8re en france.. <img decoding=\"async\" src=\"http:\/\/cancermotisys.eu\/img\/8091db8051bb9988e394a75e55b16901.jpg\" alt=\"rencontre avec femme africaine\" align=\"center\"> <img decoding=\"async\" src=\"http:\/\/www.africainlionawards.com\/wp-content\/uploads\/2017\/08\/DEN_3471.jpg\" alt=\"rencontre avec femme africaine\" align=\"left\"> France Wannonce est pr\u00efsent dans les principales villes de France :,,,,,,,,,,,,,,,,,,,,,,,,,,,,,,,,,,,,,,,,,,. Bernard Vincent, La R\u00e9volution Am\u00e9ricaine 1775-1783, t. 2, Presses universitaires de Nancy, 1985 The Help 2011 de, lhistoire de plusieurs femmes de m\u00e9nage afro-am\u00e9ricaines dans les ann\u00e9es 1960 dans le Mississippi, qui vont oser \u00e9crire un livre qui remet en cause leur statut social. Appuy\u00e9, entour\u00e9 de sa garde rapproch\u00e9e il initia et d\u00e9veloppa les actions que nous poursuivons encore \u00e0 ce jour. Il a su sentourer de responsables dactions \u00e9nergiques, comp\u00e9tents, et passionn\u00e9s comme lui. Elle nen est pas \u00e0 son premier combat. La a malheureusement une grande tradition en mati\u00e8re d\u00e9pid\u00e9mies et de pand\u00e9mies, explique la professeure Mireille Dosso. Cette scientifique de 68 ans est en premi\u00e8re ligne dans la lutte contre le Covid-19. Depuis 2004, elle est \u00e0 la t\u00eate de lInstitut Pasteur de C\u00f4te dIvoire, cr\u00e9\u00e9 en 1972 par le pr\u00e9sident dalors, F\u00e9lix Houphou\u00ebt-Boigny, pr\u00e9cis\u00e9ment pour lutter contre les grandes \u00e9pid\u00e9mies et notamment celle de la fi\u00e8vre jaune qui s\u00e9vissait \u00e0 ce moment-l\u00e0 dans le pays. Les cookies sur BDGest.com : Ils assurent le bon fonctionnement de nos services. En poursuivant la navigation sur le site, vous acceptez lutilisation des cookies.  Geef uw feest, diner, barbecue of trouwerij bij ons of op locatie. Vraag naar de mogelijkheden. 40 conteneurs exp\u00e9di\u00e9s, soit 407 tonnes de mat\u00e9riel mat\u00e9riel m\u00e9dical, lits, v\u00eatements, ordinateurs, .<\/p>\n","protected":false},"excerpt":{"rendered":"<p>rencontre avec femme africaine<\/p>\n","protected":false},"author":1,"featured_media":0,"comment_status":"closed","ping_status":"closed","sticky":false,"template":"","format":"standard","meta":{"footnotes":""},"categories":[1],"tags":[],"_links":{"self":[{"href":"https:\/\/dig-stuttgart.de\/info\/wp-json\/wp\/v2\/posts\/5470"}],"collection":[{"href":"https:\/\/dig-stuttgart.de\/info\/wp-json\/wp\/v2\/posts"}],"about":[{"href":"https:\/\/dig-stuttgart.de\/info\/wp-json\/wp\/v2\/types\/post"}],"author":[{"embeddable":true,"href":"https:\/\/dig-stuttgart.de\/info\/wp-json\/wp\/v2\/users\/1"}],"replies":[{"embeddable":true,"href":"https:\/\/dig-stuttgart.de\/info\/wp-json\/wp\/v2\/comments?post=5470"}],"version-history":[{"count":1,"href":"https:\/\/dig-stuttgart.de\/info\/wp-json\/wp\/v2\/posts\/5470\/revisions"}],"predecessor-version":[{"id":5471,"href":"https:\/\/dig-stuttgart.de\/info\/wp-json\/wp\/v2\/posts\/5470\/revisions\/5471"}],"wp:attachment":[{"href":"https:\/\/dig-stuttgart.de\/info\/wp-json\/wp\/v2\/media?parent=5470"}],"wp:term":[{"taxonomy":"category","embeddable":true,"href":"https:\/\/dig-stuttgart.de\/info\/wp-json\/wp\/v2\/categories?post=5470"},{"taxonomy":"post_tag","embeddable":true,"href":"https:\/\/dig-stuttgart.de\/info\/wp-json\/wp\/v2\/tags?post=5470"}],"curies":[{"name":"wp","href":"https:\/\/api.w.org\/{rel}","templated":true}]}}