{"id":5488,"date":"2020-07-04T18:07:28","date_gmt":"2020-07-04T18:07:28","guid":{"rendered":"http:\/\/dig-stuttgart.de\/info\/?p=5488"},"modified":"2020-06-27T18:24:56","modified_gmt":"2020-06-27T18:24:56","slug":"rencontre-danjoutin","status":"publish","type":"post","link":"https:\/\/dig-stuttgart.de\/info\/2020\/07\/04\/rencontre-danjoutin\/","title":{"rendered":"Rencontre Danjoutin"},"content":{"rendered":"<p> <img decoding=\"async\" src=\"http:\/\/s1.dmcdn.net\/mfGkU\/x240-h6f.jpg\" alt=\"rencontre danjoutin\" align=\"right\"> Merci! Pour finaliser votre inscription, cliquez sur le lien dans lemail que nous venons de vous envoyer. A toute de suite! Trouver une \u00e9cole primaire priv\u00e9e dans la ville de Danjoutin Je suis une femme divorc\u00e9e, non fumeuse, calme et s\u00e9rieuse, aimant les choses simples de la vie. Comparez les offres dhotels pr\u00e8s de Festival Rencontres et Racines en un clic.   Agr\u00e9able terrain, proche de Bessoncourt, propos\u00e9 par Laforet Immobilier Belfort. \u00c0 vendre pour 78000. Fournir du gratuit n\u00e9cessite des moyens! Votre soutien est donc tr\u00e8s important afin de nous aider \u00e0 p\u00e9renniser les outils de communication, faire face aux co\u00fbts dh\u00e9bergement, de d\u00e9veloppement, etc. Merci les Incroyables et repensez \u00e0 la l\u00e9gende du Colibri : il ny a pas de petit geste, limportant est de faire sa part! <img decoding=\"async\" src=\"http:\/\/www.lesinfosdusport.com\/userfiles\/3\/image\/2015-2016\/ASMB-Chateauroux%20(1).jpg\" alt=\"rencontre danjoutin\" align=\"left\"> total des produits de fonctionnement : 2 966 000, soit 801 par habitant ; La lutte contre tous les pesticides est primordiale pour maintenir la biodiversit\u00e9 les abeilles qui participent \u00e0 la pollinisation de 70 des esp\u00e8ces v\u00e9g\u00e9tales sont extr\u00eamement sensibles aux pesticides Install\u00e9 \u00e0 Danjoutin, mon m\u00e9tier mam\u00e8ne, aujourdhui, \u00e0 voyager aux quatre coins de la France mais aussi \u00e0 l\u00e9tranger. Amoureux des grands espaces, jadore faire des sessions photo, des s\u00e9ances dengagement ou pre-wedding avec mes couples de mari\u00e9s et les fondre dans des d\u00e9cors magnifiques. Que ce soit en ville, \u00e0 la montagne ou \u00e0 la mer, je me d\u00e9place partout pour vous offrir des images qui vous correspondent et vous ressemblent-Cheveux : Noir-183 cm-Statut civil: C\u00e9libataire Je suis simple, franche, directe car je naime pas les mensonges. Jaime bien sortir mais, petite pr\u00e9cision, je nai pas le permis. Je suis nouvelle c\u00e9libataire depuis 3 mois seulement. <img decoding=\"async\" src=\"http:\/\/www.durrantgs.tk\/wp-content\/uploads\/2018\/06\/medine-bataclan-rap-concert-extreme-533x261.png\" alt=\"rencontre danjoutin\" align=\"left\"> Incroyable terrain, situ\u00e9 pr\u00e8s de \u00c9vette-Salbert, mis en vente par Laforet Immobilier Belfort. \u00c0 vendre pour 91667. PHOTOGRAPHE MARIAGE Danjoutin Brian est un photographe de mariage install\u00e9 sur Danjoutin, Territoire de Belfort 90 et vous propose un style de reportage naturel et authentique pour couvrir votre joli jour. L\u00e9glise Saint-Just a \u00e9t\u00e9 construite vers 1771 puis agrandie au XXe si\u00e8cle. Mariage, engagement et couple, il parcourt les routes de France et de l\u00e9tranger pour saisir votre histoire, votre vie. 60 double 90 twin 110 triple 90 \u00e0 110 la suite lit double, canap\u00e9 lit, lits superpos\u00e9s 50 appartement avec lit double 80 \u00e0 115 grand appartement 2 chambres doubles petit-d\u00e9jeuner : 12 pas de taxe de s\u00e9jour chavannes sur l etang Maison 7 pi\u00e8ces 113 m.<\/p>\n","protected":false},"excerpt":{"rendered":"<p>rencontre danjoutin<\/p>\n","protected":false},"author":1,"featured_media":0,"comment_status":"closed","ping_status":"closed","sticky":false,"template":"","format":"standard","meta":{"footnotes":""},"categories":[1],"tags":[],"_links":{"self":[{"href":"https:\/\/dig-stuttgart.de\/info\/wp-json\/wp\/v2\/posts\/5488"}],"collection":[{"href":"https:\/\/dig-stuttgart.de\/info\/wp-json\/wp\/v2\/posts"}],"about":[{"href":"https:\/\/dig-stuttgart.de\/info\/wp-json\/wp\/v2\/types\/post"}],"author":[{"embeddable":true,"href":"https:\/\/dig-stuttgart.de\/info\/wp-json\/wp\/v2\/users\/1"}],"replies":[{"embeddable":true,"href":"https:\/\/dig-stuttgart.de\/info\/wp-json\/wp\/v2\/comments?post=5488"}],"version-history":[{"count":1,"href":"https:\/\/dig-stuttgart.de\/info\/wp-json\/wp\/v2\/posts\/5488\/revisions"}],"predecessor-version":[{"id":5489,"href":"https:\/\/dig-stuttgart.de\/info\/wp-json\/wp\/v2\/posts\/5488\/revisions\/5489"}],"wp:attachment":[{"href":"https:\/\/dig-stuttgart.de\/info\/wp-json\/wp\/v2\/media?parent=5488"}],"wp:term":[{"taxonomy":"category","embeddable":true,"href":"https:\/\/dig-stuttgart.de\/info\/wp-json\/wp\/v2\/categories?post=5488"},{"taxonomy":"post_tag","embeddable":true,"href":"https:\/\/dig-stuttgart.de\/info\/wp-json\/wp\/v2\/tags?post=5488"}],"curies":[{"name":"wp","href":"https:\/\/api.w.org\/{rel}","templated":true}]}}