{"id":5492,"date":"2020-07-04T03:12:40","date_gmt":"2020-07-04T03:12:40","guid":{"rendered":"http:\/\/dig-stuttgart.de\/info\/?p=5492"},"modified":"2020-06-27T18:26:29","modified_gmt":"2020-06-27T18:26:29","slug":"rencontre-hollande-sarkozy","status":"publish","type":"post","link":"https:\/\/dig-stuttgart.de\/info\/2020\/07\/04\/rencontre-hollande-sarkozy\/","title":{"rendered":"Rencontre Hollande Sarkozy"},"content":{"rendered":"<p><img decoding=\"async\" src=\"http:\/\/static1.purepeople.com\/articles\/9\/22\/75\/69\/@\/3139957-archives-francois-hollande-nicolas-sa-950x0-2.jpg\" alt=\"rencontre hollande sarkozy\" align=\"right\">  Vous pouvez \u00e0 tout moment utiliser le lien de d\u00e9sabonnement int\u00e9gr\u00e9 dans la newsletter. D\u00e9couvrir les aspects culturels dune langue vivante \u00e9trang\u00e8re et r\u00e9gionale Les personnes victimes de violences domestiques osent davantage chercher de laide, ce qui est tr\u00e8s important, a d\u00e9clar\u00e9 la ministre de l\u00c9galit\u00e9, Taina Bofferding. Photo : Fabrizio Pizzolante <img decoding=\"async\" src=\"http:\/\/reveil-fm.com\/images\/Elie4\/952366_outgoing-french-president-sarkozy-and-newly-elected-president-hollande-shake-hands-as-they-attend-a-ceremony-at-the-tomb-of-the-unknown-soldier-at-the-arc-de-triomphe-to-mark-the-end-of-world-w.jpg\" alt=\"rencontre hollande sarkozy\" align=\"right\"> Wejdene cartonne sur les r\u00e9seaux avec Anissa. Capture Instagram Le Premier ministre, pour qui la France est en guerre pour d\u00e9truire son ennemi, lorganisation Etat islamique, voit dans la r\u00e9union du Congr\u00e8s, qui na pas \u00e9t\u00e9 contest\u00e9e, lunit\u00e9 et le rassemblement des politiques. ARCHIVES-JOHNNY HALLYDAY ET SYLVIE VARTAN DANS LA RUE EN 1967 AGENCE BESTIMAGE Vous devez vous abonner ou vous connecter afin de poster un commentaire. Au surlendemain des attentats les plus meurtriers en France, le pr\u00e9sident Fran\u00e7ois Hollande re\u00e7oit tout au long de la journ\u00e9e de dimanche lensemble des responsables politiques pour pr\u00e9parer la riposte, \u00e0 commencer par Nicolas Sarkozy qui sest montr\u00e9 tr\u00e8s critique. J\u00e9r\u00f4me Vaillant : Il est malais\u00e9 pour ne pas dire au plus haut point risqu\u00e9 de sengager sur la voie de la politique fiction avant l\u00e9ch\u00e9ance des primaires \u00e0 droite et \u00e0 gauche et avant les r\u00e9sultats du referendum britannique. Comme il a \u00e9t\u00e9 dit pr\u00e9c\u00e9demment, Fran\u00e7ois Hollande a commis, au d\u00e9but de son mandat, des erreurs majeures dappr\u00e9ciation pour revenir ensuite, comme ses pr\u00e9d\u00e9cesseurs, \u00e0 des positions plus nuanc\u00e9es. Cest au demeurant valable \u00e9galement pour la chanceli\u00e8re qui, sans doute trop lentement, mais au bout du compte a fait \u00e9voluer lAllemagne sur la question de la Gr\u00e8ce et le r\u00f4le de la Banque centrale europ\u00e9enne dans la question de la gestion des dettes souveraines en adoptant une position moins mon\u00e9tariste et doctrinaire, forc\u00e9e en cela par Mario Draghi. Sur la question du Brexit, Nicolas Sarkozy, pas plus que Fran\u00e7ois Hollande, ny est favorable, mais il pense sans doute \u00e9galement, comme Emmanuel Macron, quil faudra pour r\u00e9sorber un trop-plein d\u00e9largissement qui na fait que favoriser la construction dun grand march\u00e9 \u00e0 langlaise, en revenir \u00e0 une Europe plus ramass\u00e9e et plus resserr\u00e9e, et permettre au noyau des puissances qui le souhaitent de progresser plus vite vers une int\u00e9gration qui limite les diff\u00e9rentiels entre pays au profit dune r\u00e9gulation plus \u00e9gale des march\u00e9s. Info du 03.02.2020-Roxana Maracineanu, ministre des Sports a demand\u00e9 \u00e0 Didier Gailhaguet, pr\u00e9siden Marine Andrieux Panoramic Bestimage Arnaud Ducret, lhumoriste fran\u00e7ais en vogue, a fait pleurer de rire le Centre Culturel dAuderghem pendant plus dune heure et demi. 2020-Bayard Presse-Tous droits r\u00e9serv\u00e9s-la-croix.com est un site de la Croix Network Robert Belleret, S\u00e9gol\u00e8ne Royal LEsp\u00e9rance emp\u00each\u00e9e in Portraits sur le vif, Amazon \u00e9diteur, avril 2014 Wejdene cartonne sur les r\u00e9seaux avec Anissa. Capture Instagram Fran\u00e7ois Hollande na pas \u00e9t\u00e9 de reste quand, tablant-sans raison-sur le succ\u00e8s des sociaux-d\u00e9mocrates aux l\u00e9gislatives allemandes de septembre 2013, il avait cru pouvoir mettre en place un front des pays de lEurope du Sud contre lAllemagne et ses alli\u00e9s du Nord pour contester ce qui \u00e9tait, \u00e0 ses yeux, une politique irresponsable daust\u00e9rit\u00e9. Il sest lui aussi, comme ses pr\u00e9d\u00e9cesseurs, rendu \u00e0 la raison. Dans la p\u00e9riode deuroscepticisme par laquelle passe lUnion europ\u00e9enne en ce moment, chaque citoyen europ\u00e9en est en droit de savoir de quoi est faite cette raison. LEurope est dabord un projet de paix n\u00e9 apr\u00e8s la guerre et dans les conditions de la Guerre froide, mais cet argument ne suffit plus, aujourdhui que lessentiel semble avoir \u00e9t\u00e9 fait pour pr\u00e9server la paix en Europe mais semble seulement. LEurope est ensuite un projet lib\u00e9ral color\u00e9 dinterventionnisme via la planification \u00e0 la fran\u00e7aise avec pour objectifs la croissance \u00e9conomique sans inflation et le bien-\u00eatre social. La crise a montr\u00e9 quelle \u00e9tait plus lib\u00e9rale que sociale, cest lune des raisons de la d\u00e9saffection \u00e0 l\u00e9gard du projet europ\u00e9en. Cest encore un projet int\u00e9grateur fond\u00e9 sur la mise en commun de pans des souverainet\u00e9s nationales. Les d\u00e9fenseurs de lEurope ont sans doute sur ce point particulier trop vite baiss\u00e9 les bras ces derniers temps de peur, en p\u00e9riode de repli sur soi-m\u00eame, de m\u00e9contenter les partisans dun souverainisme obsol\u00e8te dans un monde globalis\u00e9. Lancien Pr\u00e9sident, en cas de victoire finale en 2017, pourrait-il reprendre le fil du couple franco-allemand l\u00e0 o\u00f9 il lavait laiss\u00e9 pour relancer le projet europ\u00e9en? La d\u00e9sertion de ce terrain par Fran\u00e7ois Hollande, au cours de son quinquennat, laissera-t-elle des traces? Vitaa CARS 3 paris Premiere Cinema Gaumont Marignan PARIS 09 Juillet 2017 Pierre Leroy KCS PRESSE Gr\u00e9goire Fleurot 11 mai 2012 Temps de lecture : 2 min \u00c9lections r\u00e9gionales de 2004-sur le site du minist\u00e8re de lInt\u00e9rieur.  Elections europ\u00e9ennes : Yannick Jadot rejette la demande dalliance de S\u00e9gol\u00e8ne Royal, Le Monde.fr, 20 d\u00e9cembre 2018, consult\u00e9 le 21 d\u00e9cembre 2018. <img decoding=\"async\" src=\"http:\/\/www.atlantico.fr\/sites\/atlantico.fr\/files\/styles\/une\/public\/images\/2016\/09\/rtx2nyqr.jpg\" alt=\"rencontre hollande sarkozy\" align=\"right\"> La poign\u00e9e de main Fran\u00e7ois Hollande-Nicolas Sarkozy  Le cycle 3 relie d\u00e9sormais les deux derni\u00e8res ann\u00e9es de l\u00e9cole primaire et la premi\u00e8re ann\u00e9e du coll\u00e8ge, dans un souci renforc\u00e9 de continuit\u00e9 p\u00e9dagogique et de coh\u00e9rence des apprentissages au service de lacquisition du socle commun de connaissances, de comp\u00e9tences et de culture. La classe de 6e occupe une place particuli\u00e8re dans le cycle : elle permet aux \u00e9l\u00e8ves de sadapter au rythme, \u00e0 lorganisation p\u00e9dagogique et au cadre de vie du coll\u00e8ge tout en se situant dans la continuit\u00e9 des apprentissages engag\u00e9s au CM1 et au CM2. Fran\u00e7ais.<\/p>\n","protected":false},"excerpt":{"rendered":"<p>rencontre hollande sarkozy<\/p>\n","protected":false},"author":1,"featured_media":0,"comment_status":"closed","ping_status":"closed","sticky":false,"template":"","format":"standard","meta":{"footnotes":""},"categories":[1],"tags":[],"_links":{"self":[{"href":"https:\/\/dig-stuttgart.de\/info\/wp-json\/wp\/v2\/posts\/5492"}],"collection":[{"href":"https:\/\/dig-stuttgart.de\/info\/wp-json\/wp\/v2\/posts"}],"about":[{"href":"https:\/\/dig-stuttgart.de\/info\/wp-json\/wp\/v2\/types\/post"}],"author":[{"embeddable":true,"href":"https:\/\/dig-stuttgart.de\/info\/wp-json\/wp\/v2\/users\/1"}],"replies":[{"embeddable":true,"href":"https:\/\/dig-stuttgart.de\/info\/wp-json\/wp\/v2\/comments?post=5492"}],"version-history":[{"count":1,"href":"https:\/\/dig-stuttgart.de\/info\/wp-json\/wp\/v2\/posts\/5492\/revisions"}],"predecessor-version":[{"id":5493,"href":"https:\/\/dig-stuttgart.de\/info\/wp-json\/wp\/v2\/posts\/5492\/revisions\/5493"}],"wp:attachment":[{"href":"https:\/\/dig-stuttgart.de\/info\/wp-json\/wp\/v2\/media?parent=5492"}],"wp:term":[{"taxonomy":"category","embeddable":true,"href":"https:\/\/dig-stuttgart.de\/info\/wp-json\/wp\/v2\/categories?post=5492"},{"taxonomy":"post_tag","embeddable":true,"href":"https:\/\/dig-stuttgart.de\/info\/wp-json\/wp\/v2\/tags?post=5492"}],"curies":[{"name":"wp","href":"https:\/\/api.w.org\/{rel}","templated":true}]}}