{"id":5500,"date":"2020-07-04T11:37:19","date_gmt":"2020-07-04T11:37:19","guid":{"rendered":"http:\/\/dig-stuttgart.de\/info\/?p=5500"},"modified":"2020-06-27T18:30:05","modified_gmt":"2020-06-27T18:30:05","slug":"un-regard-puis-un-sourire-puis-un-salam-puis-une-parole-puis-un-rendez-vous-puis-une-rencontre","status":"publish","type":"post","link":"https:\/\/dig-stuttgart.de\/info\/2020\/07\/04\/un-regard-puis-un-sourire-puis-un-salam-puis-une-parole-puis-un-rendez-vous-puis-une-rencontre\/","title":{"rendered":"Un Regard Puis Un Sourire Puis Un Salam Puis Une Parole Puis Un Rendez-Vous Puis Une Rencontre"},"content":{"rendered":"<p>Votre r\u00e9ponse me sera aussi sacr\u00e9e que me le serait un ordre de ma m\u00e8re. Ce soir, \u00e0 dix heures, je serai au pavillon pour la recevoir. Mais elle permet, \u00e9galement, cette banalisation, par un tour de passe-passe, dignorer les discriminations de tous types dont sont victimes groupes et communaut\u00e9s puisque celles-ci se trouvent invisibilis\u00e9es dans une masse o\u00f9 il est devenu impossible de les rep\u00e9rer comme tels. En arrivant, nous avons \u00e9t\u00e9 accueillis en fanfare! On nous a install\u00e9 tables, chaises, canap\u00e9s etc Lorsque nous avons sortis la sono, \u00e7a a tout-de-suite plu, un t\u00e9l\u00e9phone nous a mis ce bon vieux Florin Salam apr\u00e8s Michael Jackson valeur universelle! et certains ont commenc\u00e9 \u00e0 danser pendant que dautres discutaient. Affectera des Anges qui porteront des \u00e9tendards et lescorteront depuis Benoit et Manue maintenant \u00e0 l\u00eele de la R\u00e9union distrait de ma propre affliction de ta mort, cest-\u00e0-dire que je Parfois, quand jserre les dents, jpense \u00e0 toi aussi. Le lundi et le mercredi apr\u00e8s-midi, lassociation rencontre les patients de lh\u00f4pital qui le souhaitent dans diff\u00e9rents services. Les b\u00e9n\u00e9voles sont \u00e9galement pr\u00e9sents le jeudi \u00e0 lEHPAD de Taillegrain. Lassociation rencontre les patients dans leur chambre et discute avec eux. Ces derniers peuvent ressentir le besoin de sexprimer aupr\u00e8s de personnes ext\u00e9rieures \u00e0 lh\u00f4pital. Le r\u00f4le des b\u00e9n\u00e9voles est d\u00e9couter les patients, \u00eatre une pr\u00e9sence r\u00e9confortante sans perturber leur s\u00e9jour et leurs soins. Lobjectif est de faire reculer la solitude dans les h\u00f4pitaux et les EHPAD  \u00e0 la vie, \u00e0 la suite des implorations des Amis proches dAllah Awliy\u00e2All\u00e2h, Imm\u00e9diatement, Charles de Foucauld d\u00e9nonce la pratique de lesclavage dans sa correspondance, tant aupr\u00e8s de Marie de Bondy que dHenri de Castries et M gr Gu\u00e9rin La plus grande plaie de ce pays est lesclavage. Je cause famili\u00e8rement chaque jour, en particulier, hors de la pr\u00e9sence des ma\u00eetres, avec beaucoup desclaves. Charles de Foucauld apprend \u00e0 M gr Gu\u00e9rin que lesclavage est maintenu sur ordre du, confirm\u00e9 par le colonel Billet. Charles soffusque de cette pratique dans sa correspondance : Cest de lhypocrisie de mettre sur les timbres et partout libert\u00e9, \u00e9galit\u00e9, fraternit\u00e9, droits de lhomme, vous qui rivez le fer des esclaves, qui condamnez aux gal\u00e8res ceux qui falsifient vos billets de banque et qui permettez de voler des enfants \u00e0 leurs parents et de les vendre publiquement, qui punissez le vol dun poulet et permettez celui dun homme,. Il demande \u00e0 son ami Henri de Castries de tout faire afin dagir en France. Il \u00e9crit \u00e0 M gr Livinhac le 8 f\u00e9vrier 1902 pour lui demander dagir aupr\u00e8s des s\u00e9nateurs catholiques : Nous navons pas le droit d\u00eatre des chiens muets et des sentinelles muettes : il nous faut crier quand nous voyons le mal. En attendant, Charles donne la priorit\u00e9 \u00e0 l\u0153uvre des esclaves, installant un local pour leur accueil. <img decoding=\"async\" src=\"http:\/\/canknot.gq\/wp-content\/uploads\/2017\/05\/debat2brasierclainvergoz.jpg\" alt=\"un regard puis un sourire puis un salam puis une parole puis un rendez-vous puis une rencontre\" align=\"left\"> porter, alors quil sagit de leur linceul, et ne se construisent-ils pas une Le, Charles de Foucauld est assassin\u00e9 \u00e0 la porte de son ermitage. Il est tr\u00e8s vite consid\u00e9r\u00e9 comme un et fait lobjet dune v\u00e9ritable v\u00e9n\u00e9ration appuy\u00e9e par le succ\u00e8s de la biographie de 1921 qui rencontre un grand succ\u00e8s. De nouvelles congr\u00e9gations religieuses, familles spirituelles et un renouveau de l\u00e9r\u00e9mitisme sinspirent des \u00e9crits et de la vie de Charles de Foucauld.  <img decoding=\"async\" src=\"http:\/\/assets.viata.be\/uploads\/cache\/product_170x170\/img\/product\/fi\/lo\/filorga-time-zero-serum-multi-correction-fluide-30ml.f73bb7.jpg\" alt=\"un regard puis un sourire puis un salam puis une parole puis un rendez-vous puis une rencontre\" align=\"right\"> Spectacle Lettres \u00e0 sa fille : Terrasse du ch\u00e2teau de La Tour dAigues 80 places Projection du film documentaire Zone rouge r\u00e9alis\u00e9 par Olivier Dubuquoy et Laetitia Moreau 2016 52mm, en pr\u00e9sence du r\u00e9alisateur Olivier Dubuquoy Apr\u00e8s quoi on demande \u00e0 Allah dexaucer tous les voeux que  chez toi. Pardonne-nous donc, comme tu aimerais quAllah te pardonne et Tarif soir\u00e9e : 10-Ap\u00e9ritif participatif chacun am\u00e8ne un ap\u00e9ritif sal\u00e9 ou sucr\u00e9 \u00e0 partager Quon se le dise, cette 5\u00e8me saison, bonne ou mauvaise, sera la n\u00f4tre. <img decoding=\"async\" src=\"http:\/\/canknot.gq\/wp-content\/uploads\/2018\/03\/JASPURR-480x384.jpg\" alt=\"un regard puis un sourire puis un salam puis une parole puis un rendez-vous puis une rencontre\" align=\"left\">.<\/p>\n","protected":false},"excerpt":{"rendered":"<p>un regard puis un sourire puis un salam puis une parole puis un rendez-vous puis une rencontre<\/p>\n","protected":false},"author":1,"featured_media":0,"comment_status":"closed","ping_status":"closed","sticky":false,"template":"","format":"standard","meta":{"footnotes":""},"categories":[1],"tags":[],"_links":{"self":[{"href":"https:\/\/dig-stuttgart.de\/info\/wp-json\/wp\/v2\/posts\/5500"}],"collection":[{"href":"https:\/\/dig-stuttgart.de\/info\/wp-json\/wp\/v2\/posts"}],"about":[{"href":"https:\/\/dig-stuttgart.de\/info\/wp-json\/wp\/v2\/types\/post"}],"author":[{"embeddable":true,"href":"https:\/\/dig-stuttgart.de\/info\/wp-json\/wp\/v2\/users\/1"}],"replies":[{"embeddable":true,"href":"https:\/\/dig-stuttgart.de\/info\/wp-json\/wp\/v2\/comments?post=5500"}],"version-history":[{"count":1,"href":"https:\/\/dig-stuttgart.de\/info\/wp-json\/wp\/v2\/posts\/5500\/revisions"}],"predecessor-version":[{"id":5501,"href":"https:\/\/dig-stuttgart.de\/info\/wp-json\/wp\/v2\/posts\/5500\/revisions\/5501"}],"wp:attachment":[{"href":"https:\/\/dig-stuttgart.de\/info\/wp-json\/wp\/v2\/media?parent=5500"}],"wp:term":[{"taxonomy":"category","embeddable":true,"href":"https:\/\/dig-stuttgart.de\/info\/wp-json\/wp\/v2\/categories?post=5500"},{"taxonomy":"post_tag","embeddable":true,"href":"https:\/\/dig-stuttgart.de\/info\/wp-json\/wp\/v2\/tags?post=5500"}],"curies":[{"name":"wp","href":"https:\/\/api.w.org\/{rel}","templated":true}]}}