{"id":5502,"date":"2020-07-04T17:15:19","date_gmt":"2020-07-04T17:15:19","guid":{"rendered":"http:\/\/dig-stuttgart.de\/info\/?p=5502"},"modified":"2020-06-27T18:30:31","modified_gmt":"2020-06-27T18:30:31","slug":"rencontre-dentelliere","status":"publish","type":"post","link":"https:\/\/dig-stuttgart.de\/info\/2020\/07\/04\/rencontre-dentelliere\/","title":{"rendered":"Rencontre Dentelliere"},"content":{"rendered":"<p>Comme dhabitude nous avons r\u00e9pondu pr\u00e9sentes \u00e0 cette invitation. <img decoding=\"async\" src=\"http:\/\/yuna61.free.fr\/passiondeyuna\/wp-content\/uploads\/cabourg3.jpg\" alt=\"rencontre dentelliere\" align=\"left\"> 10 et 11 Juin 2017 : AIRVAULT Rencontre dentelli\u00e8re. Invit\u00e9e dhonneur : Claudette Bouvot  <img decoding=\"async\" src=\"http:\/\/ekladata.com\/VqwWtvLTUwz_iaqtUPDUfWYB5Gs@500x500.jpg\" alt=\"rencontre dentelliere\" align=\"right\"> DBCC a organis\u00e9 un voyage train et bus sur place pour le congr\u00e8s OIDFA 2016 Ce titre de prestige est autant reconnu par les professionnels que par le grand public ; dont les artisans-commer\u00e7ants p\u00e2tissiers, coiffeurs, bouchers, joailliers, etc. Le titre de MOF est d\u00e9cern\u00e9 pour lexcellence du travail fourni et non aux meilleurs candidats de la session; en 2004, 24 laur\u00e9ats cuisiniers alors quen 2015, aucun laur\u00e9at chocolatier. Conception et r\u00e9alisation: Conseil de la culture de Lanaudi\u00e8re Une partie de ce contenu a \u00e9t\u00e9 g\u00e9n\u00e9r\u00e9 automatiquement avec un traducteur interne. Nous nous excusons pour les erreurs de traduction. Si vous voyez une erreur, sil vous pla\u00eet contactez-nous et nous allons y rem\u00e9dier. <img decoding=\"async\" src=\"http:\/\/www.madrigalb.com\/bckgd_img\/ae1fab5caef4679fde8970a4ebaef844.jpg\" alt=\"rencontre dentelliere\" align=\"center\">  Enfin, notre porte est toujours ouverte, nous accueillons avec plaisir Activit\u00e9 de lAssociation Vivre \u00e0 Bel Air https:sites.google.comsiteassovivreabelair, la dentelle r\u00e9unie une trentaine de personnes soit le mercredi, soit le jeudi de 17 \u00e0 19h \u00e0 la salle L\u00e9o Ferr\u00e9 T\u00e9l\u00e9chargez votre photo. Poids de votre photo : 2Mo max 30 Avril, nous pensons tr\u00e8s fort \u00e0 notre amie dentelli\u00e8re Danielle Ch. Qui vient de perdre mon mari. Nous sommes de tout c\u0153ur avec elle. \u00c0 compter du 21 septembre, sauf exception, les ateliers auront lieux les lundis Le fonctionnement est normal selon les horaires habituels. Une boutique ou vous trouverez de tout pour vos bidouilles Vers 1980, la ville de Malgrat de Mar a voulu encourager cette tradition en donnant des cours pendant deux ou trois mois par an. Cette initiative porte ses fruits. En 1998, un groupe de dentelli\u00e8res assume la t\u00e2che de former lAssociaci\u00f3 de Puntaires Malgrat de Mar, qui organise des \u00e9v\u00e9nements et expositions annuelles entre autres, la rencontre de dentelli\u00e8res pendant la Festa Major de Sant Roc. Maison cr\u00e9ative et rurale Armand-Vaillancourt du Carrefour culturel de L\u00c9rable Escapade : Rencontres Internationales de la Dentelle D\u00e9couvrez aussi..  fabrication du coussin permettant la r\u00e9alisation du filet Jesp\u00e8re que vous avez pass\u00e9 un aussi bon moment que nous avons pass\u00e9 samedi. Et pour comprendre la finesse du travail jai mis mon index sous le fil!<\/p>\n","protected":false},"excerpt":{"rendered":"<p>rencontre dentelliere<\/p>\n","protected":false},"author":1,"featured_media":0,"comment_status":"closed","ping_status":"closed","sticky":false,"template":"","format":"standard","meta":{"footnotes":""},"categories":[1],"tags":[],"_links":{"self":[{"href":"https:\/\/dig-stuttgart.de\/info\/wp-json\/wp\/v2\/posts\/5502"}],"collection":[{"href":"https:\/\/dig-stuttgart.de\/info\/wp-json\/wp\/v2\/posts"}],"about":[{"href":"https:\/\/dig-stuttgart.de\/info\/wp-json\/wp\/v2\/types\/post"}],"author":[{"embeddable":true,"href":"https:\/\/dig-stuttgart.de\/info\/wp-json\/wp\/v2\/users\/1"}],"replies":[{"embeddable":true,"href":"https:\/\/dig-stuttgart.de\/info\/wp-json\/wp\/v2\/comments?post=5502"}],"version-history":[{"count":1,"href":"https:\/\/dig-stuttgart.de\/info\/wp-json\/wp\/v2\/posts\/5502\/revisions"}],"predecessor-version":[{"id":5503,"href":"https:\/\/dig-stuttgart.de\/info\/wp-json\/wp\/v2\/posts\/5502\/revisions\/5503"}],"wp:attachment":[{"href":"https:\/\/dig-stuttgart.de\/info\/wp-json\/wp\/v2\/media?parent=5502"}],"wp:term":[{"taxonomy":"category","embeddable":true,"href":"https:\/\/dig-stuttgart.de\/info\/wp-json\/wp\/v2\/categories?post=5502"},{"taxonomy":"post_tag","embeddable":true,"href":"https:\/\/dig-stuttgart.de\/info\/wp-json\/wp\/v2\/tags?post=5502"}],"curies":[{"name":"wp","href":"https:\/\/api.w.org\/{rel}","templated":true}]}}