{"id":5518,"date":"2020-07-04T18:33:05","date_gmt":"2020-07-04T18:33:05","guid":{"rendered":"http:\/\/dig-stuttgart.de\/info\/?p=5518"},"modified":"2020-06-27T18:40:09","modified_gmt":"2020-06-27T18:40:09","slug":"rencontre-persan","status":"publish","type":"post","link":"https:\/\/dig-stuttgart.de\/info\/2020\/07\/04\/rencontre-persan\/","title":{"rendered":"Rencontre Persan"},"content":{"rendered":"<p>Trait\u00e9 g\u00e9n\u00e9ral de viticulture, Amp\u00e9lographie P. Viala et V. Vermorel, 1901-1909, Ed. Masson, Paris, France. Activer JavaScript dans votre navigateur pour acc\u00e9der \u00e0 linscription sur notre site Le peintre am\u00e9ricain cite R\u00fbm\u00ee dans plusieurs de ses \u0153uvres : To Rumi 1980, Analysis of the rose as sentimental despair 1985. Certains de ses enroulements seraient l\u00e9vocation de la danse des derviches tourneurs. L\u00e9crivain et cin\u00e9aste interpr\u00e8te des contes de R\u00fbm\u00ee dans. <img decoding=\"async\" src=\"http:\/\/www.caue95.org\/sites\/default\/files\/CAUE_Val_d_Oise\/images_manifestation\/IMG_5781.JPG\" alt=\"rencontre persan\" align=\"center\"> Florence-L\u00e9a, de cantini\u00e8re et traiteur, est devenue experte anti-gaspi et surtout, avec sa compagnie, elle sillonne les pays de la francophonie pour proposer moult ateliers et conf\u00e9rences sur son sujet de pr\u00e9dilection!  Jeune et jolie \u00e0 la recherche dun mec avec beaucoup dexp\u00e9rience!  en douceur les roues car\u00e9n\u00e9es du Rafale sur la piste puis dirige Comme aux cycles pr\u00e9c\u00e9dents, deux champs de comp\u00e9tences organisent le programme au cycle 4, celui de la production et celui de la perception. Le premier investit des r\u00e9pertoires toujours diversifi\u00e9s et engage la r\u00e9alisation de projets musicaux plus complexes par les techniques mobilis\u00e9es. Le second poursuit la d\u00e9couverte de la cr\u00e9ation musicale dhier et daujourdhui, mobilise un vocabulaire sp\u00e9cifique plus pr\u00e9cis et d\u00e9velopp\u00e9, sattache enfin \u00e0 construire, par comparaison, des r\u00e9f\u00e9rences organisant la connaissance des esth\u00e9tiques musicales dans le temps et lespace. Je viens de Saint-P\u00e9tersbourg, jaime bien la litt\u00e9rature, la musique, la philosophie et les langues. Je suis tr\u00e8s direct, jai envie de donner toute ma passion et mon c\u0153ur pour quelquun qui le m\u00e9rite : jai envie de mam\u00e9liorer ensemble avec une personne qui peut mapprend beaucoup de choses, partager la vie et la profiter! Ev\u00e9nement organis\u00e9 dans le cadre du cours de L3 Introduction \u00e0 lecocritique : \u00e9cologie et litt\u00e9rature-Cheveux : Noir-170 cm-Statut civil: C\u00e9libataire <img decoding=\"async\" src=\"http:\/\/www.arcadesdirect.fr\/43705\/femme-iranienne-une-dvd.jpg\" alt=\"rencontre persan\" align=\"center\"> Ce qui existe cest une femme quon tombe amoureux avec ces qualit\u00e9s et ces d\u00e9fauts et ce que je recherche <img decoding=\"async\" src=\"http:\/\/img4.hostingpics.net\/pics\/85088131Mars.jpg\" alt=\"rencontre persan\" align=\"left\">  Le programme est ancr\u00e9 dans les cinq domaines du socle commun et il est structur\u00e9 selon les quatre th\u00e8mes classiques : LEurope des Lumi\u00e8res : circulation des id\u00e9es, despotisme \u00e9clair\u00e9 et contestation de labsolutisme Au cycle 4, lenseignement de technologie privil\u00e9gie l\u00e9tude des objets techniques ancr\u00e9s dans leur r\u00e9alit\u00e9 sociale et se d\u00e9veloppe selon trois dimensions : Khojesta Ebrahimi : A Kaboul, on a des \u00e9diteurs, des livres et des femmes qui \u00e9crivent Je suis quelquun de tr\u00e8s simple, geek \u00e0 mes heures perdues, qui aime tout et rien. Cette carte ne peut pas safficher sur votre navigateur!<\/p>\n","protected":false},"excerpt":{"rendered":"<p>rencontre persan<\/p>\n","protected":false},"author":1,"featured_media":0,"comment_status":"closed","ping_status":"closed","sticky":false,"template":"","format":"standard","meta":{"footnotes":""},"categories":[1],"tags":[],"_links":{"self":[{"href":"https:\/\/dig-stuttgart.de\/info\/wp-json\/wp\/v2\/posts\/5518"}],"collection":[{"href":"https:\/\/dig-stuttgart.de\/info\/wp-json\/wp\/v2\/posts"}],"about":[{"href":"https:\/\/dig-stuttgart.de\/info\/wp-json\/wp\/v2\/types\/post"}],"author":[{"embeddable":true,"href":"https:\/\/dig-stuttgart.de\/info\/wp-json\/wp\/v2\/users\/1"}],"replies":[{"embeddable":true,"href":"https:\/\/dig-stuttgart.de\/info\/wp-json\/wp\/v2\/comments?post=5518"}],"version-history":[{"count":1,"href":"https:\/\/dig-stuttgart.de\/info\/wp-json\/wp\/v2\/posts\/5518\/revisions"}],"predecessor-version":[{"id":5519,"href":"https:\/\/dig-stuttgart.de\/info\/wp-json\/wp\/v2\/posts\/5518\/revisions\/5519"}],"wp:attachment":[{"href":"https:\/\/dig-stuttgart.de\/info\/wp-json\/wp\/v2\/media?parent=5518"}],"wp:term":[{"taxonomy":"category","embeddable":true,"href":"https:\/\/dig-stuttgart.de\/info\/wp-json\/wp\/v2\/categories?post=5518"},{"taxonomy":"post_tag","embeddable":true,"href":"https:\/\/dig-stuttgart.de\/info\/wp-json\/wp\/v2\/tags?post=5518"}],"curies":[{"name":"wp","href":"https:\/\/api.w.org\/{rel}","templated":true}]}}