{"id":5568,"date":"2020-07-04T14:40:31","date_gmt":"2020-07-04T14:40:31","guid":{"rendered":"http:\/\/dig-stuttgart.de\/info\/?p=5568"},"modified":"2020-06-27T19:10:47","modified_gmt":"2020-06-27T19:10:47","slug":"forume-de-rencontre-de-fille-de-17-18-ans","status":"publish","type":"post","link":"https:\/\/dig-stuttgart.de\/info\/2020\/07\/04\/forume-de-rencontre-de-fille-de-17-18-ans\/","title":{"rendered":"Forume De Rencontre De Fille De 17-18 Ans"},"content":{"rendered":"<p><img decoding=\"async\" src=\"http:\/\/markieter.cf\/Images\/IMG_4884.jpg\" alt=\"forume de rencontre de fille de 17-18 ans\" align=\"left\"> ce que je lis plus haut me fait penser que je nai plus ma place sur un site de rencontre,  Cest assez dingue, mais je me suis dit pour la premi\u00e8re fois, je crois, et paradoxalement avec un un d\u00e9tachement total je la verrais bien m\u00e8re de mes gosses si jen ai un jour. Assez troublant Le 10 d\u00e9cembre, le forumeur RisaTroll cr\u00e9\u00e9 un topic Je vous encule les arabes et les noir. Son message contenait des propos haineux et une vid\u00e9o porn Hard! Le topic \u00e0 d\u00e9pass\u00e9 les 15 pages et 250 connect\u00e9s! Le topic est parti dans tout les sens, et lauteur continuait de post\u00e9 des propos haineux sur son topic sans que la mod\u00e9ration fasse quelque chose! \u00c0 croire que la mod\u00e9ration \u00e9tait m\u00eame du c\u00f4t\u00e9 de lauteur car le message Ce contenu \u00e0 d\u00e9j\u00e0 \u00e9t\u00e9 mod\u00e9r\u00e9 par un administrateur \u00e9tait pr\u00e9sent si lon voulait DDB lauteur. Son topic est rest\u00e9 un bon moment avant que lauteur finisse suicid\u00e9 de 2 balles dans le dos.. Paix \u00e0 son \u00e2me. Quelles formations pour quels m\u00e9tiers en environnement et d\u00e9veloppement durable? Jacqueline, je suis comme vous depuis un an, des s\u00e9cr\u00e9tions et inflammation Denis paupi\u00e8re. Mon oeil coule toute la journ\u00e9e, la nuit et le matin, les cils sont coll\u00e9s, ma paupi\u00e8re gonfl\u00e9e. Difficile de shabituer, mais jamais je ne retire ma proth\u00e8se, mon occulariste me le d\u00e9conseille car cela augmente les inconforts. Je nettoie avec des compresses douces et de leau st\u00e9rile. Lentretien chez locculariste se fait plus souvent, tout les 4 mois environs car la proth\u00e8se devient rugueuse avec les s\u00e9cr\u00e9tions. Malheureusement ils auront aussi la prime de Covid 19 pour avoir amerder du monde. <img decoding=\"async\" src=\"http:\/\/momoshin.net\/j\/cameratest\/k01_450_7_HDR_8s.JPG\" alt=\"forume de rencontre de fille de 17-18 ans\" align=\"center\"> mes 2 jours de repos \u00e9tait toujours magique \u00e0 ses cot\u00e9, \u00e0 la base j\u00e9tais un mec \u00e0 pote mais je les ai laiss\u00e9 de cot\u00e9 pour etre avec elle javais quelque moment solitaire au d\u00e9but tr\u00e8s peu mais assez, elle faisait bcp de sacrifice peut etre plus que moi car elle mattendait apr\u00e8s le taff. La jai vu sur le crs e zola \u00e0 15 00 heures en grillant quelques feux Pour 41 des 13-18 ans, la sexualit\u00e9 fait souvent partie des sujets de conversation abord\u00e9s entre copains. Cest plus quen 1992, o\u00f9 ce chiffre \u00e9tait de 33. Pas question cependant den discuter avec papa-maman: seulement 30 en parlent avec leur m\u00e8re 39 des filles et 20 des gar\u00e7ons, et 16 avec leur p\u00e8re 1 fille sur 10 et 1 gar\u00e7on sur 5. Elodie, 18 ans, s\u00e9tonne encore des r\u00e9centes recommandations de sa m\u00e8re: Elle ma sorti carr\u00e9ment quil fallait que jaie beaucoup de partenaires et que jen profite bien! A peine un tiers se tournent vers leurs g\u00e9niteurs lorsquils ont besoin dinformations. Les trois quarts des 13-18 ans ass\u00e8nent que leur sexualit\u00e9 ne les regarde pas. Minimum syndical: Pour leur faire comprendre que je lavais fait, jai pos\u00e9 une bo\u00eete de capotes sur ma table de nuit, raconte Vincent, 17 ans. 2-3 fois!!! Vous ne devez pas avoir de debilos qui font des aller retour TOUT lapr\u00e8s midi!!! Marre quil y ait toujours des gens pour excuser ces comportements&#8230; Jaccepte que linformation relative \u00e0 mes donn\u00e9es sensibles Je recherche un Breton qui a squatt\u00e9 ma tente le vendredi soir et le samedi soir, parce quil ne retrouvait pas ses amis! Un mec super cool, si mes souvenirs sont bon il \u00e9tait surnomm\u00e9 Pichon, ou encore Piche.bref si tu passes par l\u00e0, je suis le mec qui tas accueilli, \u00e7a serait cool quon se revoit histoire de boire une petite bi\u00e8re ensemble \u00e0 un prochain festoch! Conception, cr\u00e9ation graphique et sonore, programmation, mais \u00e9galement commercialisation et marketing, les secteurs de linformatique et du num\u00e9rique forment et recrutent des profils divers \u00e0 tous les niveaux postbac. D\u00e9couvrez les m\u00e9tiers de la conception et de la gestion de projets, de la data, de la programmation et du d\u00e9veloppement, des infrastructures et r\u00e9seaux ou de la cr\u00e9ation num\u00e9rique et les formations qui y m\u00e8nent avec nos experts en plateau. Int\u00e9grer une classe pr\u00e9pa : pour qui? Pour quoi? Pour quelles poursuites d\u00e9tudes? Quelles sont les questions \u00e0 se poser avant de postuler en pr\u00e9pa? Un niveau minimum est-il requis? Comment bien choisir sa pr\u00e9pa selon son bac dorigine, son niveau, ses objectifs? Trop did\u00e9es re\u00e7ues planent encore sur ces formations, qui pourtant vous arment \u00e0 la perfection, quelle que soit votre poursuite d\u00e9tudes. Zoom sur les pr\u00e9requis avec les conseils des sp\u00e9cialistes r\u00e9unis en plateau. Samedi 18 janvier Bonjour, je mappelle Edouard ja 23 ans et je voudrais faire ta connaissance INTERVIEW-Confinement oblige, de nombreuses \u00e9lections locales et d\u00e9partementales nont pas pu avoir lieu. Pour rattraper ce retard, la directrice de lorganisation Miss France compte sur la technologie. Comment cela mon cher fr\u00e8re? Je ne connais cette demoiselle ni dEve ni dAdam alors pourquoi pense telle que je suis de sa famille..  Alors, qui est capable de d\u00e9finir lAmour? Pas moi en tout cas je nai pas cette pr\u00e9tention. Jai encore dormis toute la journ\u00e9e. Ou du moins presque. Je crois que cest le seul truc qui me fait oublier les choses. Et encore.. Jai certes eu des d\u00e9ceptions amoureuses, comme tout le monde, je pr\u00e9sume. Jai aussi v\u00e9cu de tr\u00e8s belles histoires, qui ont toutes fini plus ou moins bien et dur\u00e9 plus ou moins longtemps. \u03a3\u03c5\u03bc\u03c0\u03bb\u03b7\u03c1\u03ce\u03bc\u03b1\u03c4\u03b1 \u03b4\u03b9\u03b1\u03c4\u03c1\u03bf\u03c6\u03ae\u03c2 \u03b3\u03b9\u03b1 \u03b1\u03b4\u03c5\u03bd\u03ac\u03c4\u03b9\u03c3\u03bc\u03b1 My Beautiful Body HELLFEST 2007-08-09-10-11-12-13-14MOTOCULTOR 2007-08-10-11-12-13-14MENHIR CHEVELU 2009BRUTAL ASSAULT 2009-10SUMMER BREEZE 2009-10  <img decoding=\"async\" src=\"http:\/\/annelabanane.com\/wp-content\/uploads\/2014\/11\/IMG_3525.jpg\" alt=\"forume de rencontre de fille de 17-18 ans\" align=\"left\">.<\/p>\n","protected":false},"excerpt":{"rendered":"<p>forume de rencontre de fille de 17-18 ans<\/p>\n","protected":false},"author":1,"featured_media":0,"comment_status":"closed","ping_status":"closed","sticky":false,"template":"","format":"standard","meta":{"footnotes":""},"categories":[1],"tags":[],"_links":{"self":[{"href":"https:\/\/dig-stuttgart.de\/info\/wp-json\/wp\/v2\/posts\/5568"}],"collection":[{"href":"https:\/\/dig-stuttgart.de\/info\/wp-json\/wp\/v2\/posts"}],"about":[{"href":"https:\/\/dig-stuttgart.de\/info\/wp-json\/wp\/v2\/types\/post"}],"author":[{"embeddable":true,"href":"https:\/\/dig-stuttgart.de\/info\/wp-json\/wp\/v2\/users\/1"}],"replies":[{"embeddable":true,"href":"https:\/\/dig-stuttgart.de\/info\/wp-json\/wp\/v2\/comments?post=5568"}],"version-history":[{"count":1,"href":"https:\/\/dig-stuttgart.de\/info\/wp-json\/wp\/v2\/posts\/5568\/revisions"}],"predecessor-version":[{"id":5569,"href":"https:\/\/dig-stuttgart.de\/info\/wp-json\/wp\/v2\/posts\/5568\/revisions\/5569"}],"wp:attachment":[{"href":"https:\/\/dig-stuttgart.de\/info\/wp-json\/wp\/v2\/media?parent=5568"}],"wp:term":[{"taxonomy":"category","embeddable":true,"href":"https:\/\/dig-stuttgart.de\/info\/wp-json\/wp\/v2\/categories?post=5568"},{"taxonomy":"post_tag","embeddable":true,"href":"https:\/\/dig-stuttgart.de\/info\/wp-json\/wp\/v2\/tags?post=5568"}],"curies":[{"name":"wp","href":"https:\/\/api.w.org\/{rel}","templated":true}]}}