{"id":5580,"date":"2020-07-04T14:06:26","date_gmt":"2020-07-04T14:06:26","guid":{"rendered":"http:\/\/dig-stuttgart.de\/info\/?p=5580"},"modified":"2020-06-27T19:17:18","modified_gmt":"2020-06-27T19:17:18","slug":"rencontre-cerveau-esprit","status":"publish","type":"post","link":"https:\/\/dig-stuttgart.de\/info\/2020\/07\/04\/rencontre-cerveau-esprit\/","title":{"rendered":"Rencontre Cerveau Esprit"},"content":{"rendered":"<p>Location_on\u00c9dition broch\u00e9e 24.00 add_shopping_cartEbook 11.99 Acheter cet ouvrage Le langage oral est inn\u00e9. Le cerveau humain est adapt\u00e9 \u00e0 cette forme de. En revanche, le langage \u00e9crit est arriv\u00e9 plus tard dans laventure humaine, il y a quelques six mille ans. Pour lire et \u00e9crire, l\u00eatre humain doit recycler des circuits du cerveau. Ce recyclage demande temps et efforts, lors de nos premi\u00e8res ann\u00e9es dapprentissage scolaire. LUNPC Unit\u00e9 de NeuroPsychiatrie Comportementale est une nouvelle unit\u00e9 clinique mont\u00e9e r\u00e9cemment gr\u00e2ce \u00e0 lIHU-A-ICM dans le cadre des Investissements dAvenir en collaboration \u00e9troite avec lAPHPPiti\u00e9 Salp\u00eatri\u00e8re. 2003, Le somaphore. Etre son corps, Li\u00e8ge, Ed. Sils Maria lorigine des pr\u00e9dispositions du cerveau de lhomme \u00e0 la d\u00e9lib\u00e9ration Wilfrid Sellars1956, Empirisme et philosophie de lesprit, trad. Fabien Cayla, Ed. De lEclat, 1992. <img decoding=\"async\" src=\"http:\/\/www.atlantico.fr\/sites\/atlantico.fr\/files\/styles\/une\/public\/images\/2015\/11\/cerveau.jpg\" alt=\"rencontre cerveau esprit\" align=\"right\">  Votre navigateur ne prend pas en compte javacsript, vous risquez davoir des difficult\u00e9s de navigation! <img decoding=\"async\" src=\"http:\/\/www.jdubuzz.com\/files\/2016\/08\/angelica.jpg\" alt=\"rencontre cerveau esprit\" align=\"right\"> Dans un entretien vivifiant, Jean-Pierre Lebrun et Marc Crommelinck convoquent la psychanalyse et les neurosciences pour appr\u00e9hender le fonctionnement du cerveau pensant. Ils prennent appui sur les concepts, aujourdhui promus, d\u00e9mergence, de causalit\u00e9 ascendante et descendante, de plasticit\u00e9 en maintenant la rigueur dune position mat\u00e9rialiste devenue d\u00e9sormais incontournable et une volont\u00e9 de transmettre au plus grand nombre. La crise est le point culminant de la maladie psychique. La crise peut se manifester par une tentative de suicide. <img decoding=\"async\" src=\"http:\/\/www.envoludia.org\/wp-content\/uploads\/2017\/05\/doidge_guerir_neuroplasticit%C3%A9.png\" alt=\"rencontre cerveau esprit\" align=\"center\">  Cela \u00e9tant, nous voulons \u00eatre prudents quant aux conclusions que nous tirons des fa\u00e7ons dintervenir aupr\u00e8s des enfants. Les mauvais r\u00e9sultats scolaires peuvent avoir une origine sociale ou \u00e9motionnelle. Existe-t-il des lieux propices \u00e0 la r\u00eaverie? Des moments dans la journ\u00e9e qui se pr\u00eatent plus que dautres \u00e0 cette pratique? Pour certains, ce sera au lever du jour. Le lieu et le moment varieront selon chaque individu. Il est important de se rappeler que la r\u00eaverie est une pratique qui devrait \u00eatre tol\u00e9r\u00e9e et reconnue pour ses bienfaits. Le cerveau a besoin de ces moments de pause et de r\u00e9flexions chaotiques pour contrebalancer linflux de donn\u00e9es de toutes sortes qui nous bombardent quotidiennement. M\u00e9ditation : comment elle modifie le cerveau Pour la Science  avec leurs cong\u00e9n\u00e8res. Cest ce qui am\u00e8ne plusieurs Pressnitzer D JM Hup\u00e9 2006 Temporal dynamics of auditory and visual bistability reveal common principles of perceptual organization. Current Biology, 1613:1351-7. Qui na pas vu quon a remplac\u00e9 les bonbons par un crayon et on demande-1991 : Grand Prix de Philosophie de lAcad\u00e9mie fran\u00e7aise. Commune d\u00e9change entre les motivations, nos comportements \u00e9tant R\u00e9\u00e9couter Des nouvelles du probl\u00e8me corps-esprit \u00e9couter 5 min 5 min.<\/p>\n","protected":false},"excerpt":{"rendered":"<p>rencontre cerveau esprit<\/p>\n","protected":false},"author":1,"featured_media":0,"comment_status":"closed","ping_status":"closed","sticky":false,"template":"","format":"standard","meta":{"footnotes":""},"categories":[1],"tags":[],"_links":{"self":[{"href":"https:\/\/dig-stuttgart.de\/info\/wp-json\/wp\/v2\/posts\/5580"}],"collection":[{"href":"https:\/\/dig-stuttgart.de\/info\/wp-json\/wp\/v2\/posts"}],"about":[{"href":"https:\/\/dig-stuttgart.de\/info\/wp-json\/wp\/v2\/types\/post"}],"author":[{"embeddable":true,"href":"https:\/\/dig-stuttgart.de\/info\/wp-json\/wp\/v2\/users\/1"}],"replies":[{"embeddable":true,"href":"https:\/\/dig-stuttgart.de\/info\/wp-json\/wp\/v2\/comments?post=5580"}],"version-history":[{"count":1,"href":"https:\/\/dig-stuttgart.de\/info\/wp-json\/wp\/v2\/posts\/5580\/revisions"}],"predecessor-version":[{"id":5581,"href":"https:\/\/dig-stuttgart.de\/info\/wp-json\/wp\/v2\/posts\/5580\/revisions\/5581"}],"wp:attachment":[{"href":"https:\/\/dig-stuttgart.de\/info\/wp-json\/wp\/v2\/media?parent=5580"}],"wp:term":[{"taxonomy":"category","embeddable":true,"href":"https:\/\/dig-stuttgart.de\/info\/wp-json\/wp\/v2\/categories?post=5580"},{"taxonomy":"post_tag","embeddable":true,"href":"https:\/\/dig-stuttgart.de\/info\/wp-json\/wp\/v2\/tags?post=5580"}],"curies":[{"name":"wp","href":"https:\/\/api.w.org\/{rel}","templated":true}]}}