{"id":5586,"date":"2020-07-04T13:38:29","date_gmt":"2020-07-04T13:38:29","guid":{"rendered":"http:\/\/dig-stuttgart.de\/info\/?p=5586"},"modified":"2020-06-27T19:18:40","modified_gmt":"2020-06-27T19:18:40","slug":"rencontre-a-manziat","status":"publish","type":"post","link":"https:\/\/dig-stuttgart.de\/info\/2020\/07\/04\/rencontre-a-manziat\/","title":{"rendered":"Rencontre A Manziat"},"content":{"rendered":"<p>Copyright 2020 lilybrowbar.ru. All right reserved. Trouvez et r\u00e9servez des h\u00e9bergements uniques sur Airbnb Jean-Pierre M\u00e9daille est n\u00e9 le 6 octobre 1610 \u00e0 Carcassonne. Madame, Monsieur les responsables dentreprises, commer\u00e7ants et artisans du territoire Bresse et Sa\u00f4ne A lissue de matchs intenses jou\u00e9s sous une chaleur \u00e9touffante dans la salle, cest Buellas qui lemporte de justesse devant P\u00e9ron 2\u00e8me et Chatillon 3\u00e8me. Dans le cas d\u00e9changes de documents nos agents vous indiqueront la marche \u00e0 suivre. Les plus aguerris connaissent ses chemin\u00e9es en argile marbre et ont e Bienvenue au g\u00eete C\u00f4t\u00e9 Safran, situ\u00e9 au 1er \u00e9tage dans un ancien moulin et mitoyen \u00e0 un autre g\u00eete avec entr\u00e9e commune. Vous aurez loccasion de visiter lAin et d\u00e9couvrir le safran, cultiv\u00e9 par les propri\u00e9taires. Sommes alls au gymnase de Feillens pour faire une rencontre <img decoding=\"async\" src=\"http:\/\/attelagesbovinsdaujourdhui.t.a.f.unblog.fr\/files\/2014\/06\/rencontres-alsaces-journee-technique-pk-2014-ok-16.jpg\" alt=\"rencontre a manziat\" align=\"right\"> -Cheveux : Brun fonc\u00e9-175 cm-Statut civil: Divorc\u00e9 L est le seul \u00e9difice religieux pr\u00e9sent sur le territoire de la commune de Manziat. Cimeti\u00e8re sur la commune Les habitants de Manziat devront se tourner vers le distributeur Enedis ex-ERDF pour louverture de leur compteur, que vous pourrez effectuer d\u00e8s lors que vous aurez souscrit une offre d\u00e9lectricit\u00e9. Les frais et d\u00e9lais pour cette prestation \u00e0 Manziat sont propres \u00e0 tous les fournisseurs : Ouverture de compteur  Les cookies sociaux permettent dam\u00e9liorer la convivialit\u00e9 du site et aident \u00e0 sa promotion via les partages.  Pour plus de renseignements contacter le pr\u00e9sident de lassociation, Ludovic Creton au 06-34-58-03-90 Nous vous invitons \u00e0 revenir sur cette page un lien est pr\u00e9sent dans votre compte chaque fois que vous souhaiterez modifier ce choix. <img decoding=\"async\" src=\"http:\/\/www.rwearguard.cf\/wp-content\/uploads\/2017\/02\/Ren%C3%A9-Jean-Duret-485x300.jpg\" alt=\"rencontre a manziat\" align=\"right\"> En fonction des d\u00e9lais dont vous avez besoin, le tarif pour louverture dun compteur peut varier entre 27 et 150 euros \u00e0 Manziat.-Cheveux : Blond-160 cm-Statut civil: Divorc\u00e9 \u00c0 Manziat, pour contacter lh\u00f4tel de ville, appelez le 03 85 23 91 77 fax : 03 85 23 94 19. Je suce et j avale tout mais je me fais pas sodomiser, ni sucer, ni l\u00e9cher! La mise en service de l\u00e9lectricit\u00e9 chez les habitants de Manziat A compter du mercredi 3 juin et jusquau samedi 27 juin, la biblioth\u00e8que sera ouverte au public : <img decoding=\"async\" src=\"http:\/\/fortezxza.ga\/3684-home_default\/product.jpg\" alt=\"rencontre a manziat\" align=\"center\"> Il faut sy prendre trois \u00e0 six mois avant votre arriv\u00e9e effective dans votre logement de Manziat pour demander votre raccordement au r\u00e9seau \u00e9lectrique. Une fois que celui-ci sera fait, vous allez pouvoir souscrire un contrat et mettre en service le compteur EDF. Les informations quotidiennes du Journal de Pont-de-Vaux.<\/p>\n","protected":false},"excerpt":{"rendered":"<p>rencontre a manziat<\/p>\n","protected":false},"author":1,"featured_media":0,"comment_status":"closed","ping_status":"closed","sticky":false,"template":"","format":"standard","meta":{"footnotes":""},"categories":[1],"tags":[],"_links":{"self":[{"href":"https:\/\/dig-stuttgart.de\/info\/wp-json\/wp\/v2\/posts\/5586"}],"collection":[{"href":"https:\/\/dig-stuttgart.de\/info\/wp-json\/wp\/v2\/posts"}],"about":[{"href":"https:\/\/dig-stuttgart.de\/info\/wp-json\/wp\/v2\/types\/post"}],"author":[{"embeddable":true,"href":"https:\/\/dig-stuttgart.de\/info\/wp-json\/wp\/v2\/users\/1"}],"replies":[{"embeddable":true,"href":"https:\/\/dig-stuttgart.de\/info\/wp-json\/wp\/v2\/comments?post=5586"}],"version-history":[{"count":1,"href":"https:\/\/dig-stuttgart.de\/info\/wp-json\/wp\/v2\/posts\/5586\/revisions"}],"predecessor-version":[{"id":5587,"href":"https:\/\/dig-stuttgart.de\/info\/wp-json\/wp\/v2\/posts\/5586\/revisions\/5587"}],"wp:attachment":[{"href":"https:\/\/dig-stuttgart.de\/info\/wp-json\/wp\/v2\/media?parent=5586"}],"wp:term":[{"taxonomy":"category","embeddable":true,"href":"https:\/\/dig-stuttgart.de\/info\/wp-json\/wp\/v2\/categories?post=5586"},{"taxonomy":"post_tag","embeddable":true,"href":"https:\/\/dig-stuttgart.de\/info\/wp-json\/wp\/v2\/tags?post=5586"}],"curies":[{"name":"wp","href":"https:\/\/api.w.org\/{rel}","templated":true}]}}