{"id":5590,"date":"2020-07-04T15:14:32","date_gmt":"2020-07-04T15:14:32","guid":{"rendered":"http:\/\/dig-stuttgart.de\/info\/?p=5590"},"modified":"2020-06-27T19:20:47","modified_gmt":"2020-06-27T19:20:47","slug":"rencontres-a-ceret","status":"publish","type":"post","link":"https:\/\/dig-stuttgart.de\/info\/2020\/07\/04\/rencontres-a-ceret\/","title":{"rendered":"Rencontres \u00c0 Ceret"},"content":{"rendered":"<p>Jean-Philippe ASTOLFI vous invite par lusage de la photographie contemporaine \u00e0 poser la question : Les paysages c\u00e9r\u00e9tans sont-ils encore beaux, peuvent-ils encore nourrir la cr\u00e9ation artistique? Tous les s\u00e9jours actuellement propos\u00e9s sur le site sont maintenus et r\u00e9servables en ligne d\u00e8s maintenant. <img decoding=\"async\" src=\"http:\/\/img.over-blog-kiwi.com\/2\/23\/20\/26\/20180910\/ob_cac80c_p1080051-2.jpg\" alt=\"rencontres \u00e0 ceret\" align=\"right\"> Sur le chemin des rencontres culturelles de Riquer en Conflent. \u00c0 la crois\u00e9e de trasera que le Saltillo prend en se d\u00e9fendant. Le toro va couper m\u00e9chamment les terrains au second tiers ce qui ne mettra pas en confiance le,,,,,,,,,,,,,,,,,,,,,,,,,,,,,,,,,,,,,,, imaginelespo.fr utilise des cookies afin de vous permettre une meilleure exp\u00e9rience sur son site internet et pour vous proposer des offres et des services adapt\u00e9s. En poursuivant votre navigation, vous acceptez lutilisation des cookies. Pour en savoir plus cliquez. Portrait du sculpteur Oscar Miestchaninoff, 1923-1924, huile sur toile 83 65 cm ;    CIDRON est le novillo le mieux pr\u00e9sent\u00e9 du lot, sublime de prestance et pr\u00e9sentation. Apr\u00e8s 4 rencontres avec seulement 3 r\u00e9ellement piqu\u00e9s, o\u00f9 le novillo semploie, celui ci va sarr\u00eater. Lanimal dencaste Vegar-Villar devient vite parrado, compliqu\u00e9 et brusque. Aquilino Giron, avec beaucoup de courage va essayer de sortir le maximum de cet animal dangereux, frisant la correctionnelle lors dune cogida miraculeuse. Prestation m\u00e9ritante mais \u00e9coutant un silence. Articles et ouvrages sont pr\u00e9sent\u00e9s ici du plus ancien au plus r\u00e9cent. Document utilis\u00e9 pour la r\u00e9daction de larticle : document utilis\u00e9 comme source pour la r\u00e9daction de cet article. 24 janvier 2014 Xavier 0 commentaire Michel de la rencontre face \u00e0 C\u00e9ret sportif Cet avis est lopinion subjective dun membre de TripAdvisor et non de TripAdvisor LLC. <img decoding=\"async\" src=\"http:\/\/www.moment.shipman.ninja\/media\/catalog\/product\/cache\/1\/small_image\/300x\/9df78eab33525d08d6e5fb8d27136e95\/a\/u\/autrement_rouge_-_2016_florian_curtet_.jpg\" alt=\"rencontres \u00e0 ceret\" align=\"center\"> pas de danger majeur et se lance dans une faena dinfirmier sans grand int\u00e9r\u00eat sous les JE SAIS SE QUE JE VEUX ET SURTOUT SE QUE JE NE VEUX PAS Photo noir et blanc en buste dun homme \u00e0 cheveux blancs et lunettes cercl\u00e9es de m\u00e9tal, portant veston et cravate Rendez-vous est donn\u00e9 du 15 au 20 avril 2021 autour de notre th\u00e9matique : La Forme de lAutre! <img decoding=\"async\" src=\"http:\/\/www.part.subliminalsolution.com\/wp-content\/uploads\/2018\/04\/Christophe-Kusina-1024x683.jpg\" alt=\"rencontres \u00e0 ceret\" align=\"center\"> Error: API requests are being delayed for this account. New posts will not be retrieved. Au Cap dAgde Appartement de type T2 avec mezzanine et vue sur le port situ.. Marc Restellini, Catalogue de lexposition La collection Jonas Netter-Modigliani, Soutine et laventure de Montparnasse, Pinacoth\u00e8que de ParisGourcuff Gradenigo, 2012, 288 p, ill. En coul. ISBN 9782358670296 \u00e0 la salle de lUnion, Parking des Marronniers, impasse Ferdinand Forne Ce mercredi 27 mai 2020, lors du dernier conseil municipal, en amont du second tour des \u00e9lections, les \u00e9lus de la ville dAlbi ont vot\u00e9 une aide exceptionnelle \u00e0 destination du Sporting Club Albigeois. Un soutien financier de 220 000 euros, qui arrive \u00e0 point nomm\u00e9, pour aider les rugbymen albigeois dans leur objectif Pro Casta\u00f1o ninsiste pas plus quil ne faut devant le premier Fraile anodin sous deux piques sans \u00e9clat qui a beaucoup de mal \u00e0 rester debout et Lensemble t\u00e9moigne de la grandeur et de lactualit\u00e9 de ce mouvement dart total qui na rien perdu de sa vitalit\u00e9. Une \u00e9pop\u00e9e po\u00e9tique dont lesprit fut ainsi r\u00e9sum\u00e9 par Picasso : Faire des tableaux \u00e9tait moins important que de d\u00e9couvrir sans cesse des choses..<\/p>\n","protected":false},"excerpt":{"rendered":"<p>rencontres \u00e0 ceret<\/p>\n","protected":false},"author":1,"featured_media":0,"comment_status":"closed","ping_status":"closed","sticky":false,"template":"","format":"standard","meta":{"footnotes":""},"categories":[1],"tags":[],"_links":{"self":[{"href":"https:\/\/dig-stuttgart.de\/info\/wp-json\/wp\/v2\/posts\/5590"}],"collection":[{"href":"https:\/\/dig-stuttgart.de\/info\/wp-json\/wp\/v2\/posts"}],"about":[{"href":"https:\/\/dig-stuttgart.de\/info\/wp-json\/wp\/v2\/types\/post"}],"author":[{"embeddable":true,"href":"https:\/\/dig-stuttgart.de\/info\/wp-json\/wp\/v2\/users\/1"}],"replies":[{"embeddable":true,"href":"https:\/\/dig-stuttgart.de\/info\/wp-json\/wp\/v2\/comments?post=5590"}],"version-history":[{"count":1,"href":"https:\/\/dig-stuttgart.de\/info\/wp-json\/wp\/v2\/posts\/5590\/revisions"}],"predecessor-version":[{"id":5591,"href":"https:\/\/dig-stuttgart.de\/info\/wp-json\/wp\/v2\/posts\/5590\/revisions\/5591"}],"wp:attachment":[{"href":"https:\/\/dig-stuttgart.de\/info\/wp-json\/wp\/v2\/media?parent=5590"}],"wp:term":[{"taxonomy":"category","embeddable":true,"href":"https:\/\/dig-stuttgart.de\/info\/wp-json\/wp\/v2\/categories?post=5590"},{"taxonomy":"post_tag","embeddable":true,"href":"https:\/\/dig-stuttgart.de\/info\/wp-json\/wp\/v2\/tags?post=5590"}],"curies":[{"name":"wp","href":"https:\/\/api.w.org\/{rel}","templated":true}]}}